{"id":477,"count":1,"description":"<strong>What is the most bizarre thing you have ever had to deal with when installing an exhibition?<\/strong>\r\n\r\n<span style=\"font-weight: 400\">RADKA VONDRA\u0160OV\u00c1 (Event Manager): Every exhibition and installation is a challenge in its own way, because Artium is a space that can be quite demanding not only for the artists themselves, but also for the curators. This is partly because our audience is not primarily made up of art lovers, but of people who often encounter art quite incidentally. We literally place exhibitions in their path.<\/span>\r\n\r\n<strong>What is it usually like for you 20 minutes before an opening?<\/strong>\r\n\r\n<span style=\"font-weight: 400\">RV: You can definitely feel that pre-launch tension. But we usually already have visitors in the Artium space, so everything has to be ready 20 minutes before the opening. I\u2019m happy to see more and more people developing a genuine relationship with art and learning to appreciate and enjoy it.<\/span>\r\n\r\n<strong>How do you know when an exhibition has really been successful?<\/strong>\r\n\r\n<span style=\"font-weight: 400\">RV: As I mentioned, we really appreciate the fact that people have learned to come to Artium specifically to see art. For us, returning visitors are the best proof\u2014and the greatest reward\u2014that an exhibition has been successful. It shows that we have made the right curatorial choices and selected artists who appeal not only to regular art enthusiasts, but also to the general public, who have found their own way to art thanks to the exhibitions at Artium. And the icing on the cake is when we manage to sell some of the works directly from an exhibition. So far, we have been most successful in this respect with a charity exhibition featuring works by Ukrainian artists.<\/span>\r\n\r\n<strong>Which exhibition will you never forget, and why?<\/strong>\r\n\r\n<span style=\"font-weight: 400\">RV: It would definitely be Veronika Psotkov\u00e1\u2019s exhibition. It was the first exhibition in the space under its new name, Artium. It was also the first exhibition by a female artist and the first one featuring sculptures exclusively. The fact that the artist had to literally \u201csew\u201d one of the sculptures together on site only added to the experience. What\u2019s more, the wire sculptures suited the Artium space exceptionally well.<\/span>","link":"https:\/\/pragueartweek.cz\/en\/location\/artium-by-kkcg\/","name":"ARTIUM BY KKCG","slug":"artium-by-kkcg","taxonomy":"lokalita","parent":0,"meta":[],"acf":[],"yoast_head":"<!-- This site is optimized with the Yoast SEO plugin v27.4 - https:\/\/yoast.com\/product\/yoast-seo-wordpress\/ -->\n<title>ARTIUM BY KKCG | Prague Art Week 26<\/title>\n<meta name=\"description\" content=\"Artium by KKCG je netradi\u010dn\u00ed um\u011bleck\u00fd prostor, ve kter\u00e9m se sna\u017e\u00edme otev\u00edrat nov\u00e9 horizonty a vz\u00e1jemn\u011b propojovat mnohdy izolovan\u00e9 kulturn\u00ed oblasti.\" \/>\n<meta name=\"robots\" content=\"index, follow, max-snippet:-1, max-image-preview:large, max-video-preview:-1\" \/>\n<link rel=\"canonical\" href=\"https:\/\/pragueartweek.cz\/en\/location\/artium-by-kkcg\/\" \/>\n<meta property=\"og:locale\" content=\"en_US\" \/>\n<meta property=\"og:type\" content=\"article\" \/>\n<meta property=\"og:title\" content=\"ARTIUM BY KKCG | Prague Art Week 26\" \/>\n<meta property=\"og:description\" content=\"Artium by KKCG je netradi\u010dn\u00ed um\u011bleck\u00fd prostor, ve kter\u00e9m se sna\u017e\u00edme otev\u00edrat nov\u00e9 horizonty a vz\u00e1jemn\u011b propojovat mnohdy izolovan\u00e9 kulturn\u00ed oblasti.\" \/>\n<meta property=\"og:url\" content=\"https:\/\/pragueartweek.cz\/en\/location\/artium-by-kkcg\/\" \/>\n<meta property=\"og:site_name\" content=\"Prague Art Week 26\" \/>\n<meta property=\"og:image\" content=\"https:\/\/pragueartweek.cz\/wp-content\/uploads\/2022\/04\/LOGO_PAW_bez-roku-02.png\" \/>\n\t<meta property=\"og:image:width\" content=\"2481\" \/>\n\t<meta property=\"og:image:height\" content=\"1749\" \/>\n\t<meta property=\"og:image:type\" content=\"image\/png\" \/>\n<meta name=\"twitter:card\" content=\"summary_large_image\" \/>\n<script type=\"application\/ld+json\" class=\"yoast-schema-graph\">{\"@context\":\"https:\\\/\\\/schema.org\",\"@graph\":[{\"@type\":\"CollectionPage\",\"@id\":\"https:\\\/\\\/pragueartweek.cz\\\/en\\\/location\\\/artium-by-kkcg\\\/\",\"url\":\"https:\\\/\\\/pragueartweek.cz\\\/en\\\/location\\\/artium-by-kkcg\\\/\",\"name\":\"ARTIUM BY KKCG | Prague Art Week 26\",\"isPartOf\":{\"@id\":\"https:\\\/\\\/pragueartweek.cz\\\/en\\\/#website\"},\"description\":\"Artium by KKCG je netradi\u010dn\u00ed um\u011bleck\u00fd prostor, ve kter\u00e9m se sna\u017e\u00edme otev\u00edrat nov\u00e9 horizonty a vz\u00e1jemn\u011b propojovat mnohdy izolovan\u00e9 kulturn\u00ed oblasti.\",\"breadcrumb\":{\"@id\":\"https:\\\/\\\/pragueartweek.cz\\\/en\\\/location\\\/artium-by-kkcg\\\/#breadcrumb\"},\"inLanguage\":\"en-US\"},{\"@type\":\"BreadcrumbList\",\"@id\":\"https:\\\/\\\/pragueartweek.cz\\\/en\\\/location\\\/artium-by-kkcg\\\/#breadcrumb\",\"itemListElement\":[{\"@type\":\"ListItem\",\"position\":1,\"name\":\"Home\",\"item\":\"https:\\\/\\\/pragueartweek.cz\\\/en\\\/\"},{\"@type\":\"ListItem\",\"position\":2,\"name\":\"ARTIUM BY KKCG\"}]},{\"@type\":\"WebSite\",\"@id\":\"https:\\\/\\\/pragueartweek.cz\\\/en\\\/#website\",\"url\":\"https:\\\/\\\/pragueartweek.cz\\\/en\\\/\",\"name\":\"Prague Art Week 26\",\"description\":\"Prague Art Week je otev\u0159enou platformou pro kooperaci nejv\u00fdznamn\u011bj\u0161\u00edch instituc\u00ed na poli pra\u017esk\u00e9 um\u011bleck\u00e9 sc\u00e9ny.\",\"publisher\":{\"@id\":\"https:\\\/\\\/pragueartweek.cz\\\/en\\\/#organization\"},\"potentialAction\":[{\"@type\":\"SearchAction\",\"target\":{\"@type\":\"EntryPoint\",\"urlTemplate\":\"https:\\\/\\\/pragueartweek.cz\\\/en\\\/?s={search_term_string}\"},\"query-input\":{\"@type\":\"PropertyValueSpecification\",\"valueRequired\":true,\"valueName\":\"search_term_string\"}}],\"inLanguage\":\"en-US\"},{\"@type\":\"Organization\",\"@id\":\"https:\\\/\\\/pragueartweek.cz\\\/en\\\/#organization\",\"name\":\"Prague Art Week\",\"url\":\"https:\\\/\\\/pragueartweek.cz\\\/en\\\/\",\"logo\":{\"@type\":\"ImageObject\",\"inLanguage\":\"en-US\",\"@id\":\"https:\\\/\\\/pragueartweek.cz\\\/en\\\/#\\\/schema\\\/logo\\\/image\\\/\",\"url\":\"https:\\\/\\\/pragueartweek.cz\\\/wp-content\\\/uploads\\\/2022\\\/04\\\/LOGO_PAW_bez-roku-02.png\",\"contentUrl\":\"https:\\\/\\\/pragueartweek.cz\\\/wp-content\\\/uploads\\\/2022\\\/04\\\/LOGO_PAW_bez-roku-02.png\",\"width\":2481,\"height\":1749,\"caption\":\"Prague Art Week\"},\"image\":{\"@id\":\"https:\\\/\\\/pragueartweek.cz\\\/en\\\/#\\\/schema\\\/logo\\\/image\\\/\"},\"sameAs\":[\"https:\\\/\\\/www.facebook.com\\\/pragueartweek22\\\/\",\"https:\\\/\\\/www.instagram.com\\\/prague_art_week\\\/\"]}]}<\/script>\n<!-- \/ Yoast SEO plugin. -->","yoast_head_json":{"title":"ARTIUM BY KKCG | Prague Art Week 26","description":"Artium by KKCG je netradi\u010dn\u00ed um\u011bleck\u00fd prostor, ve kter\u00e9m se sna\u017e\u00edme otev\u00edrat nov\u00e9 horizonty a vz\u00e1jemn\u011b propojovat mnohdy izolovan\u00e9 kulturn\u00ed oblasti.","robots":{"index":"index","follow":"follow","max-snippet":"max-snippet:-1","max-image-preview":"max-image-preview:large","max-video-preview":"max-video-preview:-1"},"canonical":"https:\/\/pragueartweek.cz\/en\/location\/artium-by-kkcg\/","og_locale":"en_US","og_type":"article","og_title":"ARTIUM BY KKCG | Prague Art Week 26","og_description":"Artium by KKCG je netradi\u010dn\u00ed um\u011bleck\u00fd prostor, ve kter\u00e9m se sna\u017e\u00edme otev\u00edrat nov\u00e9 horizonty a vz\u00e1jemn\u011b propojovat mnohdy izolovan\u00e9 kulturn\u00ed oblasti.","og_url":"https:\/\/pragueartweek.cz\/en\/location\/artium-by-kkcg\/","og_site_name":"Prague Art Week 26","og_image":[{"width":2481,"height":1749,"url":"https:\/\/pragueartweek.cz\/wp-content\/uploads\/2022\/04\/LOGO_PAW_bez-roku-02.png","type":"image\/png"}],"twitter_card":"summary_large_image","schema":{"@context":"https:\/\/schema.org","@graph":[{"@type":"CollectionPage","@id":"https:\/\/pragueartweek.cz\/en\/location\/artium-by-kkcg\/","url":"https:\/\/pragueartweek.cz\/en\/location\/artium-by-kkcg\/","name":"ARTIUM BY KKCG | Prague Art Week 26","isPartOf":{"@id":"https:\/\/pragueartweek.cz\/en\/#website"},"description":"Artium by KKCG je netradi\u010dn\u00ed um\u011bleck\u00fd prostor, ve kter\u00e9m se sna\u017e\u00edme otev\u00edrat nov\u00e9 horizonty a vz\u00e1jemn\u011b propojovat mnohdy izolovan\u00e9 kulturn\u00ed oblasti.","breadcrumb":{"@id":"https:\/\/pragueartweek.cz\/en\/location\/artium-by-kkcg\/#breadcrumb"},"inLanguage":"en-US"},{"@type":"BreadcrumbList","@id":"https:\/\/pragueartweek.cz\/en\/location\/artium-by-kkcg\/#breadcrumb","itemListElement":[{"@type":"ListItem","position":1,"name":"Home","item":"https:\/\/pragueartweek.cz\/en\/"},{"@type":"ListItem","position":2,"name":"ARTIUM BY KKCG"}]},{"@type":"WebSite","@id":"https:\/\/pragueartweek.cz\/en\/#website","url":"https:\/\/pragueartweek.cz\/en\/","name":"Prague Art Week 26","description":"Prague Art Week je otev\u0159enou platformou pro kooperaci nejv\u00fdznamn\u011bj\u0161\u00edch instituc\u00ed na poli pra\u017esk\u00e9 um\u011bleck\u00e9 sc\u00e9ny.","publisher":{"@id":"https:\/\/pragueartweek.cz\/en\/#organization"},"potentialAction":[{"@type":"SearchAction","target":{"@type":"EntryPoint","urlTemplate":"https:\/\/pragueartweek.cz\/en\/?s={search_term_string}"},"query-input":{"@type":"PropertyValueSpecification","valueRequired":true,"valueName":"search_term_string"}}],"inLanguage":"en-US"},{"@type":"Organization","@id":"https:\/\/pragueartweek.cz\/en\/#organization","name":"Prague Art Week","url":"https:\/\/pragueartweek.cz\/en\/","logo":{"@type":"ImageObject","inLanguage":"en-US","@id":"https:\/\/pragueartweek.cz\/en\/#\/schema\/logo\/image\/","url":"https:\/\/pragueartweek.cz\/wp-content\/uploads\/2022\/04\/LOGO_PAW_bez-roku-02.png","contentUrl":"https:\/\/pragueartweek.cz\/wp-content\/uploads\/2022\/04\/LOGO_PAW_bez-roku-02.png","width":2481,"height":1749,"caption":"Prague Art Week"},"image":{"@id":"https:\/\/pragueartweek.cz\/en\/#\/schema\/logo\/image\/"},"sameAs":["https:\/\/www.facebook.com\/pragueartweek22\/","https:\/\/www.instagram.com\/prague_art_week\/"]}]}},"_links":{"self":[{"href":"https:\/\/pragueartweek.cz\/en\/wp-json\/wp\/v2\/lokalita\/477","targetHints":{"allow":["GET"]}}],"collection":[{"href":"https:\/\/pragueartweek.cz\/en\/wp-json\/wp\/v2\/lokalita"}],"about":[{"href":"https:\/\/pragueartweek.cz\/en\/wp-json\/wp\/v2\/taxonomies\/lokalita"}],"wp:post_type":[{"href":"https:\/\/pragueartweek.cz\/en\/wp-json\/wp\/v2\/udalosti?lokalita=477"}],"curies":[{"name":"wp","href":"https:\/\/api.w.org\/{rel}","templated":true}]}}