{"id":4157,"date":"2024-02-08T11:35:07","date_gmt":"2024-02-08T10:35:07","guid":{"rendered":"https:\/\/pragueartweek.cz\/?p=4157"},"modified":"2024-02-12T14:24:45","modified_gmt":"2024-02-12T13:24:45","slug":"international-opportunities-for-artists-curators-and-art-institutions","status":"publish","type":"post","link":"https:\/\/pragueartweek.cz\/en\/news\/international-opportunities-for-artists-curators-and-art-institutions\/","title":{"rendered":"PLAN_T: International opportunities"},"content":{"rendered":"<p>Vogue CS announces the Ploom Design Competition<\/p>\n<p>Young people from all over the Czech Republic and Slovakia can enter their artwork in the fashion and jewellery category or in the product design category and it must be red (as similar as possible to the Pantone 200C shade). A cash prize of 50 000 CZK awaits you after the announcement. Ploom will then send you to present your creation at Design Week in Milan, where the object will be exhibited as part of the Ploom Design House pop-up exhibition.<\/p>\n<p>Pr\u00e1ci p\u0159ihlas nejpozd\u011bji do 14. 2. 2024 do 23:59 hod.<\/p>\n<p>#design #czech #slovak<\/p>\n<p><a href=\"https:\/\/garagegallery.info\/Residencies\">Garage&nbsp;Gallery <\/a><\/p>\n<p>Since 2018 Garage Gallery has been hosting an international residency for artists and curators who prepare a final presentation of their work together with the exhibition after the residency. We provide the selected residents with accommodation and partial funding for their work so that they can fully commit to their planned project. By inviting international artists, we aim to create a meaningful exchange of experiences and creative perspectives.&nbsp;<\/p>\n<p>International residency is open to any artist who does not have a permanent residence in Czech Republic. Are you interested in discovering the local scene and participating in the gallery&#8217;s residency program during the summer of 2024? The residency will end with a final solo exhibition of the selected applicant&#8217;s project.&nbsp;<\/p>\n<p><a href=\"https:\/\/pragueartweek.cz\/en\/events\/plan_t-natalie-kubikova\/\">Read the interview with gallerist and curator Natalie Kubikova<\/a><\/p>\n<p><b><\/b>#internationalartists #collectives #prague<\/p>\n<p><a href=\"https:\/\/culture.ec.europa.eu\/calls\/call-for-individual-mobility-of-artists-and-cultural-professionals\" target=\"_blank\" rel=\"noopener\"><span style=\"font-weight: 400;\"><b>The Culture Moves Europe<\/b><\/span><\/a><\/p>\n<p><b>The Culture Moves Europe<\/b><span style=\"font-weight: 400;\"> mobility programme has also opened a call for individual mobility, covering the sectors of architecture, cultural heritage, design and fashion, literary translation, music, performing arts and visual arts.&nbsp; The call is open to both established and emerging artists and can be used in the context of collaborations, the production of exhibitions, but also, for example, for personal research in the context of one&#8217;s own work.<\/span><\/p>\n<p>This second round is open from&nbsp;<strong>2 October 2023<\/strong>&nbsp;until&nbsp;<strong>31 May 2024, 23.59 CET<\/strong>&nbsp;(Central European Time).<\/p>\n<p><b>#europe #artistresidency #multidisciplinaryartists #culrturalprofessionals<\/b><\/p>\n<p>&nbsp;<\/p>\n<p><a href=\"https:\/\/www.effea.eu\/application-form\" target=\"_blank\" rel=\"noopener\"><span style=\"font-weight: 400;\"><b>European Festivals Fund for emerging artists \u2013 EFFEA<\/b><\/span><\/a><\/p>\n<p><span style=\"font-weight: 400;\">The <\/span><b>European Festivals Fund for emerging artists \u2013 EFFEA<\/b><span style=\"font-weight: 400;\">, an initiative of the European Festivals Association (EFA), is a system built for festivals to support and offer them and their emerging artists* a platform to develop their careers on an international level. At the same time, it is an invitation for cooperation between festivals across borders. The activities supported by the EFFEA Residencies offer time and space for artists to develop specific ideas and, eventually, present them to the audience.<\/span><\/p>\n<p>The second round of EFFEA grants supports 173 festivals and 50 artists (individuals, duos, companies, ensembles or groups) from 14 artistic disciplines and 36 countries. The residency programme runs from 1 September 2023 to 31 August 2024.<\/p>\n<p><b>#europe #artisresidency #multidisciplinaryartists<\/b><\/p>\n<p>&nbsp;<\/p>\n<p><a href=\"https:\/\/call.emare.eu\/\" target=\"_blank\" rel=\"noopener\"><span style=\"font-weight: 400;\"><b>EUROPEAN MEDIA ART PLATFORM &#8211; EMAP<\/b><\/span><\/a><\/p>\n<p><span style=\"font-weight: 400;\">The <\/span><b>EUROPEAN MEDIA ART PLATFORM &#8211; EMAP<\/b><span style=\"font-weight: 400;\"> offers residencies for artists, artist duos, collectives or other artistic collaborations working in the fields of digital art, media art, and bio-art. As a new feature of the EMAP residency programme, we have introduced the &#8220;collaboration&#8221; component. Applicants are expected to include a proposal for collaboration in their application.<\/span><\/p>\n<p>Deadline for Applications for 2025:&nbsp;<strong>will be announced in autumn 2024.<\/strong><\/p>\n<p><b>#europe #artistresidency #artists #artistduos #artisticcollaboration <\/b><\/p>\n<p>&nbsp;<\/p>\n<p><a href=\"http:\/\/www.meetfactory.cz\/en\/program\/rezidence\">Artists-in-Residence Meetfactory<\/a><\/p>\n<p><span style=\"font-weight: 400;\">The international Artists\u00ad-in-Residence program was established in 2007 and is the largest studio program in Central Europe. MeetFactory facilitates ten studios, which annually host over thirty visual artists, curators, musicians, theater directors, and writers. We foster the involvement of our artists in residence not only within the programming of MeetFactory (Open Studios, Public House, Museum Night, etc.) and its three exhibition spaces (exhibitions, performances, guided tours), but also in the context of the Czech and Central European art scenes.&nbsp;&nbsp;.<\/span><\/p>\n<p><span style=\"font-weight: 400;\"><b>#europe #artistresidency #multidisciplinaryartists<\/b> #prague<\/span><\/p>\n<p>&nbsp;<\/p>\n<p><a href=\"https:\/\/www.lamaisonkintsugi.com\/\"><span class=\"wixui-rich-text__text\"><span class=\"color_15 wixui-rich-text__text\">La Maison Kintsugi Art Residency<\/span><\/span><\/a><\/p>\n<p>La Maison Kintsugi, founded by artist Garth Bowden, embodies a vision of life infused with art. This residency offers a space where creativity, playfulness, contemplation, and exchange are equally cherished, emphasizing a balance between individual practice and collective conversation. The term \u2018Kintsugi,\u2019 derived from Japanese (\u2018Kin\u2019 for gold and \u2018Tsugi\u2019 for join), literally translates to \u2018to join with gold.\u2019 Symbolizing resilience and transformation, it sets the tone for the residency\u2019s ethos. La Maison Kintsugi provides a tranquil atmosphere for artists to concentrate on their work, research, or writing.&nbsp;<\/p>\n<p><b>O<\/b>pen during the months of April, May, June and September, October, November<\/p>\n<p>#international #france #quiet<\/p>\n<p><a href=\"https:\/\/filmlondon.org.uk\/\" target=\"_blank\" rel=\"noopener\"><span style=\"font-weight: 400;\"><b>Film London<\/b><\/span><\/a><\/p>\n<p><b>Film London<\/b><span style=\"font-weight: 400;\"> supports talent, develops creativity, and promotes London as a global production hub &#8211; in film, television, animation, games, and beyond.<\/span><\/p>\n<p><b>#uk #funds&nbsp; #filmmaker #animationproducers #tv #videogamesmaker<\/b><\/p>\n<p>&nbsp;<\/p>\n<p><a href=\"https:\/\/www.hakoniemi.com\/en\/artist-residency\">Hakoniemi Residency<\/a><\/p>\n<p>Hakoniemi Residence, founded in 2019 in Oravisalo, R\u00e4\u00e4kkyl\u00e4, Finland, provides a peaceful retreat for artists, musicians, writers, and more. Surrounded by the natural beauty of the Northern Saimaa archipelago, the former home of painter Jorma Pajarinen offers a unique blend of artistic inspiration and historical richness. The remote location, 15 km from the village center with no public transportation, makes it ideal for those comfortable working in self-directed environments. The residency, supported by the Hakoniemi Residence Support Association, aims to revive local culture and foster collaboration between artists and the community.<\/p>\n<p>Spring 1.1-31.5 &amp; Autumn 1.9-12.12.<\/p>\n<p>#finland #nature #barngallery<\/p>\n<p>&nbsp;<\/p>\n<p><a href=\"https:\/\/www.guildhall.org\/education\/artist-in-residence\/william-p-rayner-artist-in-residence\/?fbclid=IwAR3VHjB7hWgWAUDxkInCD6CwKrLO5S_NkW_UDFNm9c5GRbxGa3fiwjzWmuE\" target=\"_blank\" rel=\"noopener\"><span style=\"font-weight: 400;\"><b>The Guild Hall William P. Rayner<\/b><\/span><\/a><\/p>\n<p><b>The Guild Hall William P. Rayner<\/b><span style=\"font-weight: 400;\"> Artist-in-Residence (WPR AiR) program offers artist collectives the time and space to research, experiment, and develop new ideas and projects. Artists are provided with creative mentorships, administrative support, a commissioning fee, living space, and a purpose-built studio.<\/span><\/p>\n<p><b>#usa #artistresidency #performingartists<\/b><\/p>\n<p>&nbsp;<\/p>\n<p>&nbsp;<\/p>\n<p><strong><a href=\"https:\/\/yukonartscentre.com\/artist_opportunities\/yac-residency\">Yukon Arts Centre<\/a><\/strong><\/p>\n<p><span style=\"font-weight: 400;\">The <\/span><b>Yukon Arts Centre<\/b><span style=\"font-weight: 400;\"> was founded to be a resource for Northern artists and to reflect and support the artistic ambition and aesthetic of local and regional community organizations. YAC\u2019s programming directions span the visual arts, performing arts, presenting, training, residencies, and community outreach.<\/span><span style=\"font-weight: 400;\"><br \/>\n<\/span><b>#canada #artistresidency #multidisciplinaryartists<\/b><\/p>\n<p>&nbsp;<\/p>\n<p><a href=\"https:\/\/applytelepart.com\" target=\"_blank\" rel=\"noopener\"><span style=\"font-weight: 400;\"><b>TelepART Mobility<\/b><\/span><\/a><\/p>\n<p><b>TelepART Mobility<\/b><span style=\"font-weight: 400;\"> (FI) Support is a micro-funding program run by the Finnish Cultural and Research Institutes that aims to foster cultural and academic exchange opportunities between Finland and other countries and regions. With two grant categories, TelepART-Arts, and TelepART-Science, the program offers up to \u20ac1,000 for travel and accommodation costs, and funding decisions are made quickly, within two weeks of application.<\/span><\/p>\n<p><b>#worldwide #funds #performingartists<\/b><\/p>\n<p>&nbsp;<\/p>\n<p>&nbsp;<\/p>\n<p><a href=\"https:\/\/www.osgf.org\/residencies\/interdisciplinary-residency\"><span style=\"font-weight: 400;\"><b>The Oak Spring Garden Foundation<\/b><\/span><\/a><span style=\"font-weight: 400;\">&nbsp;<\/span><\/p>\n<p><b>The Oak Spring Garden Foundation<\/b><span style=\"font-weight: 400;\"> (USA) is accepting applications for the 2024 Eliza Moore Fellowship for Artistic Excellence and the Interdisciplinary Residency Program. These funded programs offer time and space for artists, writers, ecologists, humanities scholars, and others to work on creative projects in a supportive community and bucolic setting.<\/span><\/p>\n<p><b>#worldwide #artistsresidency #multidisciplinaryartists <\/b><\/p>\n<p>&nbsp;<\/p>\n<p><a href=\"https:\/\/rupert.lt\/residencies\/open-call-residency-programme\/\" target=\"_blank\" rel=\"noopener\"><span style=\"font-weight: 400;\"><b>Rupert<\/b><\/span><\/a><span style=\"font-weight: 400;\">&nbsp;<\/span><\/p>\n<p><b>Rupert <\/b><span style=\"font-weight: 400;\">(LT)<\/span> <span style=\"font-weight: 400;\">is inviting applications for residencies, calling local and international cultural practitioners and thinkers (artists, writers, curators, researchers, managers, and academics) willing to live and work in Vilnius from 1 to 3 months in 2024 (January\u2013December) and develop individual or collaborative projects, reflections, and research while immersing themselves in the region\u2019s contemporary art field.<\/span><\/p>\n<p><b>#worldwide #artistsresidency #multidisciplinaryartists #culturalpractictioner #culturalthinkers<\/b><\/p>\n<p>&nbsp;<\/p>\n<p><a href=\"https:\/\/u5dyj1lp4f7.typeform.com\/to\/WaJd35t5?typeform-source=www.theholyart.com\"><span style=\"font-weight: 400;\"><b>Holy Art Gallery<\/b><\/span><\/a><\/p>\n<p><span style=\"font-weight: 400;\">The <\/span><b>Holy Art Gallery<\/b><span style=\"font-weight: 400;\">, with locations in London and Athens, specializes in curating art exhibitions and fairs internationally, providing opportunities for artists to showcase their work and gain recognition in the contemporary and modern art scene.<\/span><\/p>\n<p><b>#worldwide #artistsresidency #multidisciplinaryartists<\/b><\/p>\n<p>&nbsp;<\/p>\n<p><a href=\"https:\/\/www.berliner-kuenstlerprogramm.de\/en\/application\/\"><span style=\"font-weight: 400;\"><b>The DAAD Artists-in-Berlin Program<\/b><\/span><\/a><\/p>\n<p><b>The DAAD Artists-in-Berlin Program <\/b><span style=\"font-weight: 400;\">(DE) is a <\/span><a href=\"https:\/\/www.berliner-kuenstlerprogramm.de\/en\/__trashed-2\/\"><span style=\"font-weight: 400;\">residency program <\/span><\/a><span style=\"font-weight: 400;\">for international cultural practitioners that facilitates and supports creative processes, encounters, and collaborations.<\/span><\/p>\n<p><b>#worldwide #artistsresidency #multidisciplinaryartists #culturalpractitioner<\/b><\/p>\n<p>&nbsp;<\/p>\n<p><a href=\"https:\/\/bitamine.net\/en\/\"><span style=\"font-weight: 400;\"><b>Bitamine Faktoria<\/b><\/span><\/a><\/p>\n<p><b>Bitamine Faktoria<\/b><span style=\"font-weight: 400;\"> takes care of projects with artistic, creative, and cultural content from the first idea to the finishing stroke. <\/span><span style=\"font-weight: 400;\">Mediation, participation, and co-creation are their fundamental working tools. They think and act with a gender perspective, ensuring sustainability in the use of resources.<\/span><\/p>\n<p><b>#worldwide #artistsresidency #multidisciplinaryartists<\/b><\/p>\n<p>&nbsp;<\/p>\n<p><a href=\"https:\/\/www.amant.org\/residencies\/new-york\"><span style=\"font-weight: 400;\"><b>The Studio &amp; Research Residency Program<\/b><\/span><\/a><\/p>\n<p><b>The Studio &amp; Research Residency Program <\/b><span style=\"font-weight: 400;\">in NY awards artists from around the world with research-oriented residencies on its campus in Brooklyn. Following Amant\u2019s aim of slowing down the art-making process, we provide artists with resources to partially support long-term research projects and archival work in NY.<\/span><\/p>\n<p><b>#worldwide #artistsresidency #multidisciplinaryartists<\/b><\/p>\n<p>&nbsp;<\/p>\n<p><a href=\"https:\/\/hybrida.space\/\"><span style=\"font-weight: 400;\"><b>hybrida.space<\/b><\/span><\/a><\/p>\n<p><b>hybrida.space<\/b><span style=\"font-weight: 400;\"> is an art\/curatorial initiative launched in 2021, focusing on creating virtual\/physical ground &amp; open-ended curatorial frameworks, where artists can develop and show new work.&nbsp;<\/span><\/p>\n<p><b>#worldwide #artistsresidency #multidisciplinaryartists<\/b><\/p>\n<p>&nbsp;<\/p>\n<p><a href=\"https:\/\/www.goethe.de\/en\/kul\/foe.html\"><span style=\"font-weight: 400;\"><b>Goethe-Institut<\/b><\/span><\/a><span style=\"font-weight: 400;\">&nbsp;<\/span><\/p>\n<p><span style=\"font-weight: 400;\">The <\/span><b>Goethe-Institut<\/b><span style=\"font-weight: 400;\"> promotes culture and the arts in every discipline. It provides funding to enable professional as well as newcomer and amateur artists, whether in groups or individually, to carry out projects in Germany or abroad. They also award scholarships, prizes, and fellowships.&nbsp;<\/span><\/p>\n<p><b>#worldwide #artistsresidency #scholarships #prizes #fellowships #multidisciplinaryartists<\/b><\/p>\n<p>&nbsp;<\/p>\n<p><a href=\"https:\/\/outsiderart.fi\/en\/outsider-art-finland\/\"><span style=\"font-weight: 400;\"><b>Outsider Art Festiva<\/b><strong>l<\/strong><\/span><\/a><\/p>\n<p><b>Outsider Art Festiva<\/b><span style=\"font-weight: 400;\">l connects international art audiences, outsider artists, cultural professionals, and influencers. It is a multi-disciplinary showcase festival in Helsinki and online and it showcases art that is made in the marginals of society, giving power to artists to make choices and define what is outsider art.<\/span><\/p>\n<p><b>#worldwide #artistsresidency #multidisciplinaryartists #culturalprofessionals<\/b><\/p>\n<p>&nbsp;<\/p>\n<p><strong><a href=\"https:\/\/www.freesam.org\/en\/\">Freesam<\/a><\/strong><\/p>\n<p><b>Freesam<\/b><span style=\"font-weight: 400;\"> is a Prague-based production company. We focus on the production and post-production of independent docs and feature films and supporting contemporary art.<\/span><\/p>\n<p><b>#worldwide #artistsresidency #multidisciplinaryartists #filmmakers<\/b><\/p>\n<p>&nbsp;<\/p>\n<p><strong><a href=\"https:\/\/prismalx.com\/en\/home\/\">Prisma<\/a><\/strong><\/p>\n<p><b>Prisma (Casa de Semente)<\/b><span style=\"font-weight: 400;\"> is a non-profit association dedicated to the research, creation, and dissemination of the arts based in the heart of Lisbon. Their mission is to support emerging artists from diverse creative backgrounds, helping them to develop their practice and share their work<\/span><span style=\"font-weight: 400;\">.&nbsp;<\/span><\/p>\n<p><b>#worldwide #artistsresidency #multidisciplinaryartists<\/b><\/p>\n<p>&nbsp;<\/p>\n<p><a href=\"https:\/\/fotografmagazine.cz\/en\/?magazine=2023-fotograf-magazine-open-call-talents-wanted\"><span style=\"font-weight: 400;\"><b>Fotograf Magazine<\/b><\/span><\/a><span style=\"font-weight: 400;\">&nbsp;<\/span><\/p>\n<p><b>Fotograf Magazine<\/b><span style=\"font-weight: 400;\"> (CZ) is seeking new talents in photography and moving images with an open call for photo projects. Three selected projects will be published in the next printed issue of the magazine and winners will be chosen by a jury of professionals and experts in contemporary visual art.<\/span><\/p>\n<p><b>#worldwide #opencall #photographer<\/b><\/p>\n<p>&nbsp;<\/p>\n<p><a href=\"https:\/\/site.picter.com\/der-greif-issue-16\"><span style=\"font-weight: 400;\"><b>Der Greif<\/b><\/span><\/a><\/p>\n<p><b>Der Greif <\/b><span style=\"font-weight: 400;\">(DE) is an award-winning contemporary photography organization. Through crowdsourcing, Der Greif brings together diverse voices and provides a platform and visibility for a range of practitioners and their works.<\/span><\/p>\n<p><b>#worldwide #award #photographer<\/b><\/p>\n<p>&nbsp;<\/p>\n<p><a href=\"https:\/\/www.foam.org\/talent\/foam-talent-call-2023\"><span style=\"font-weight: 400;\"><b>Foam Talent<\/b><\/span><\/a><span style=\"font-weight: 400;\">&nbsp;<\/span><\/p>\n<p><b>Foam Talent <\/b><span style=\"font-weight: 400;\">aims to present a new wave of image-makers.&nbsp;<\/span><span style=\"font-weight: 400;\">The open call gives you the chance to be in the spotlight of the international photography world. Being selected as a Foam Talent recognise your artistic potential and gives you the support to jumpstart your career.&nbsp;<\/span><\/p>\n<p><b>#worldwide #opencall #photographer<\/b><\/p>\n<p>&nbsp;<\/p>\n<p><a href=\"https:\/\/www.dgphotofestival.com\/\"><span style=\"font-weight: 400;\"><b>DongGang International Photo Festival <\/b><\/span><\/a><\/p>\n<p><b>DongGang International Photo Festival <\/b><span style=\"font-weight: 400;\">(KR)<\/span> <span style=\"font-weight: 400;\">aims to feature a quality selection of photography projects from around the world. DIPF\u2019s open call is devoted to offering a platform and supporting photography, showcasing photography and related media from emerging and established artists.<\/span><\/p>\n<p><b>#worldwide #opencall #photographer<\/b><\/p>\n<p>&nbsp;<\/p>\n<p><a href=\"http:\/\/santandreucontemporani.org\/ca\/activitats\/open-call-sac-international-curatorial-residency-program-2023\"><span style=\"font-weight: 400;\"><b>SAC International Curatorial Residency Program IS<\/b><\/span><\/a><\/p>\n<p><b>SAC International Curatorial Residency Program IS<\/b><span style=\"font-weight: 400;\"> 2023 is announcing an open call for proposals to choose an international curator who will be part of the Miquel Casablancas Prize for the Visual Arts jury in 2023 and will later develop a curatorial project with a selection of Catalan artists chosen from applicants to the prize.<\/span><b>&nbsp;<\/b><\/p>\n<p><b>#worldwide #opencall #curators<\/b><\/p>\n<p>&nbsp;<\/p>\n<p><strong><a href=\"http:\/\/pramstudio.cz\/o-nas\/rezidence\/\" target=\"_blank\" rel=\"noopener\">Studio Pr\u00e1m<\/a><\/strong><\/p>\n<p>Every year Studio Pr\u00e1m in Prague announces a residency program focused on confrontation with foreign artists. It offers residents a spacious and livable studio. There are also sanitary facilities, a kitchen, social spaces, a joinery and locksmith workshop. Thanks to the presence of local members, residents have the opportunity for rich artistic and social interaction. Residents can apply for stays of six to eight weeks. The residency concludes with an exhibition. Residents are selected based on an open call announced for the year.<\/p>\n<p><strong>#worldwide #artistsresidency #multidisciplinaryartists<\/strong><\/p>\n<p>&nbsp;<\/p>\n<p><strong><a href=\"https:\/\/berlinartinstitute.com\/portfolio-items\/residency-program\/\">Berlin Art Institute<\/a><\/strong><\/p>\n<p><span style=\"font-weight: 400;\">As an independent location for artistic practice, discourse, and research, the<\/span><b> Berlin Art Institute<\/b><span style=\"font-weight: 400;\"> makes use of the large selection of national and international artists in Berlin, generating its temporary and regular partners from this pool to make a broad and flexible program offer and individually respond to the needs of its participants.<\/span><\/p>\n<p><b>#worldwide #artistresidency #multidisciplinaryartists<\/b><\/p>\n<p>&nbsp;<\/p>\n<p><strong><a href=\"https:\/\/worldof.co\/\">World of Co Artist Residency<\/a><\/strong><\/p>\n<p><b>World Of Co<\/b><span style=\"font-weight: 400;\"> Online Residency is a way to reconnect with the international art community, provoke creative exchange, and expand your art practice through feedback and mutual support<\/span><b>.<\/b><\/p>\n<p><b>#worldwide #artistsresidency #multidisciplinaryartists<\/b><\/p>\n<p>&nbsp;<\/p>\n<p><strong><a href=\"https:\/\/www.ponderosa-dance.de\/format\/residency\/\">Ponderosa<\/a><\/strong><\/p>\n<p><b>Ponderosa <\/b><span style=\"font-weight: 400;\">is an art-centered place in the German countryside, in the village of Stolzenhagen, around an hour on the train from Berlin, close to the border with Poland in the Lower Oder Valley National Park.<\/span><span style=\"font-weight: 400;\"><br \/>\n<\/span><span style=\"font-weight: 400;\">In 2023 Ponderosa\u00b2 continues to offer a series of self-funded, self-organized residency slots for artists, curators, dancers, writers, thinkers, choreographers, performers, and practitioners from across all disciplines.<\/span><\/p>\n<p><b>#worldwide #artistsresidency #multidisciplinary<\/b><\/p>\n<p>&nbsp;<\/p>\n<p><strong><a href=\"http:\/\/westside.pilotenkueche.net\/open-calls\/\">Pilotenkueche<\/a><\/strong><\/p>\n<p><b>Pilotenkueche<\/b><span style=\"font-weight: 400;\"> is an international artist residency program based in Leipzig, Germany. <\/span><span style=\"font-weight: 400;\"><br \/>\n<\/span><span style=\"font-weight: 400;\">The program provides opportunities for artists of various disciplines from around the world to work and collaborate in a shared space. The goal is to foster creative exploration and exchange between artists and to stimulate critical dialogue and reflection.<\/span><\/p>\n<p><b>#worldwide #opencall #artistresidency #multidisciplinary<\/b><\/p>\n<p>&nbsp;<\/p>\n<p><strong><a href=\"https:\/\/unit1gallery-workshop.com\/residencies\/\">Unit 1 Gallery | Workshop<\/a><\/strong><\/p>\n<p><b>Unit 1 Gallery | Workshop<\/b><span style=\"font-weight: 400;\"> is an exhibition and residency space in London and unique in its approach to bringing artists and their practices to the public. They support a diverse range of emerging and mid-career contemporary artists by providing them with space and time to develop their practice, network within our growing community, be mentored by team members, and crucially be introduced to their expansive network of collectors, art educators, professionals, and visitors.<\/span><\/p>\n<p><b>#worldwide #artistresidency #multidisciplinary<\/b><\/p>\n<p>&nbsp;<\/p>\n<p><strong><a href=\"https:\/\/www.praksisoslo.org\/residencies\">PRAKSIS<\/a><\/strong><\/p>\n<p><b>PRAKSIS<\/b><span style=\"font-weight: 400;\"> is a transnational arts and culture catalyst based in Oslo, Norway.<\/span><span style=\"font-weight: 400;\"><br \/>\n<\/span><span style=\"font-weight: 400;\">PRAKSIS was established as a charity in 2015. They connect diverse artists, thinkers, and publics to Norway\u2019s creative ecology via thematic programs that focus on urgent issues of our time. Dedicated to inclusivity, we seek to inspire and support artistic creation, bringing new creative networks and communities into being.&nbsp;<\/span><\/p>\n<p><b>#worldwide #artistresidency #opencall #multidisciplinary<\/b><\/p>\n<p>&nbsp;<\/p>\n<p><strong><a href=\"http:\/\/www.chianticom.com\/index.php\/en\/residenza-chianti\/programma\">La Macina di San Cresci<\/a><\/strong><\/p>\n<p><b>La Macina di San Cresci<\/b><span style=\"font-weight: 400;\"> is located above Greve in Chianti in the heart of Tuscany (IT), between two great cities of the Renaissance: Florence &amp; Siena.<\/span><span style=\"font-weight: 400;\"><br \/>\n<\/span><span style=\"font-weight: 400;\">The Residency offers opportunities to work away from the constraints of everyday life.<br \/>\n<\/span><span style=\"font-weight: 400;\">The program is designed to encourage the creative, intellectual, and personal growth of emerging and established artists and share collegial interaction within a small community of artists.<\/span><\/p>\n<p><b>#worldwide #artistresidency #multidisciplinary #culturalprofessionals<\/b><\/p>\n<p>&nbsp;<\/p>\n<p><strong><a href=\"https:\/\/www.firestation.ie\/residencies\/studios\/\">Fire Station Artists&#8217; Studio<\/a><\/strong><\/p>\n<p><span style=\"font-weight: 400;\">Fire Station Artists\u2019 Studios residencies provide artists with secure, subsidized and self-contained living and working spaces in the heart of Dublin city. Residents at FSAS work in a wide variety of practices and go through a highly competitive selection process to be awarded a residency.<\/span><\/p>\n<p><b>#worldwide #artistresidency #multidisciplinary<\/b><\/p>\n<p>&nbsp;<\/p>\n<p><a href=\"https:\/\/www.stipendium-wolfgang-kohlhaase.org\/apply\/\" target=\"_blank\" rel=\"noopener\"><strong>Haus Am See<\/strong><\/a><\/p>\n<p><b>Haus am See <\/b><span style=\"font-weight: 400;\">offers a stipend and residency for international and local filmmakers who would like to produce a project in Berlin or the surrounding province, Brandenburg.&nbsp;<\/span><\/p>\n<p><b>#worldwide #residencyforfilmmakers #filmmaker<\/b><\/p>\n<p>&nbsp;<\/p>\n<p><strong><a href=\"https:\/\/taktberlin.org\/\">Takt<\/a><\/strong><\/p>\n<p><b>Takt<\/b><span style=\"font-weight: 400;\"> provides a creative hub for artists who are new to Berlin, with the aim of fostering their creative energies, promoting international artistic exchange, and introducing international artists a vibrant city such as Berlin.<\/span><\/p>\n<p><b>#worldwide #grants #artistsresidency #multidisciplinaryartists<\/b><\/p>\n<p>&nbsp;<\/p>\n<p><a href=\"https:\/\/somos-arts.org\/opportunities\/\"><strong>SomoS<\/strong><\/a><\/p>\n<p><b>SomoS<\/b><span style=\"font-weight: 400;\"> is a non-commercial artist-run art space with an emphasis on interdisciplinary projects, intergenerational community, and diversity, founded in 2012.<\/span><\/p>\n<p><b>#worldwide #artistsresidency #grants #opencall #multidisciplinaryartists #culturalprofessionals<\/b><\/p>\n<p>&nbsp;<\/p>\n<p><a href=\"https:\/\/www.momentumworldwide.org\/momentum-artist-residencies\/berlin-residency\/\">MOMENTUM<\/a><\/p>\n<p><b>MOMENTUM<\/b><span style=\"font-weight: 400;\"> is a non-profit platform for time-based art, active worldwide since 2010, with headquarters in Berlin at the Kunstquartier Bethanien Art Center.<br \/>\n<\/span><span style=\"font-weight: 400;\">The MOMENTUM Residency is dedicated to artistic research into time and temporality in visual language. Open to artists, curators, filmmakers, and writers working in a variety of media and practices, from anywhere in the world.<\/span><\/p>\n<p><b>#worldwide #artistresidency #artists #curators #filmmakers #writers<\/b><\/p>\n<p>&nbsp;<\/p>\n","protected":false},"excerpt":{"rendered":"<p>Vogue CS announces the Ploom Design Competition Young people from all over the Czech Republic and Slovakia can enter their artwork in the fashion and jewellery category or in the product design category and it must be red (as similar as possible to the Pantone 200C shade). A cash prize of 50 000 CZK awaits&#8230; <a class=\"view-article\" href=\"https:\/\/pragueartweek.cz\/en\/news\/international-opportunities-for-artists-curators-and-art-institutions\/\">View Article<\/a><\/p>\n","protected":false},"author":7,"featured_media":4086,"comment_status":"closed","ping_status":"closed","sticky":false,"template":"","format":"standard","meta":{"_acf_changed":false,"footnotes":""},"categories":[282,2],"tags":[],"class_list":["post-4157","post","type-post","status-publish","format-standard","has-post-thumbnail","hentry","category-news","category-uncategorized","wpautop"],"acf":{"photo_gallery":{"prispevek_galerie":[[{"id":6817,"title":"20211127172238","caption":"","full_image_url":"https:\/\/pragueartweek.cz\/wp-content\/uploads\/2024\/02\/20211127172238-scaled.jpg","thumbnail_image_url":"https:\/\/pragueartweek.cz\/wp-content\/uploads\/2024\/02\/20211127172238-450x210.jpg","large_srcset":"https:\/\/pragueartweek.cz\/wp-content\/uploads\/2024\/02\/20211127172238-1800x841.jpg 1800w, https:\/\/pragueartweek.cz\/wp-content\/uploads\/2024\/02\/20211127172238-900x420.jpg 900w, https:\/\/pragueartweek.cz\/wp-content\/uploads\/2024\/02\/20211127172238-450x210.jpg 450w, https:\/\/pragueartweek.cz\/wp-content\/uploads\/2024\/02\/20211127172238-768x359.jpg 768w, https:\/\/pragueartweek.cz\/wp-content\/uploads\/2024\/02\/20211127172238-1536x717.jpg 1536w, https:\/\/pragueartweek.cz\/wp-content\/uploads\/2024\/02\/20211127172238-2048x956.jpg 2048w","medium_srcset":"https:\/\/pragueartweek.cz\/wp-content\/uploads\/2024\/02\/20211127172238-900x420.jpg 900w, https:\/\/pragueartweek.cz\/wp-content\/uploads\/2024\/02\/20211127172238-1800x841.jpg 1800w, https:\/\/pragueartweek.cz\/wp-content\/uploads\/2024\/02\/20211127172238-450x210.jpg 450w, https:\/\/pragueartweek.cz\/wp-content\/uploads\/2024\/02\/20211127172238-768x359.jpg 768w, https:\/\/pragueartweek.cz\/wp-content\/uploads\/2024\/02\/20211127172238-1536x717.jpg 1536w, https:\/\/pragueartweek.cz\/wp-content\/uploads\/2024\/02\/20211127172238-2048x956.jpg 2048w","media_details":{"width":2560,"height":1196,"sizes":{"medium":{"file":"20211127172238-900x420.jpg","width":900,"height":420,"mime-type":"image\/jpeg","filesize":145946,"source_url":"https:\/\/pragueartweek.cz\/wp-content\/uploads\/2024\/02\/20211127172238-900x420.jpg"},"large":{"file":"20211127172238-1800x841.jpg","width":1800,"height":841,"mime-type":"image\/jpeg","filesize":357984,"source_url":"https:\/\/pragueartweek.cz\/wp-content\/uploads\/2024\/02\/20211127172238-1800x841.jpg"},"thumbnail":{"file":"20211127172238-450x210.jpg","width":450,"height":210,"mime-type":"image\/jpeg","filesize":87282,"source_url":"https:\/\/pragueartweek.cz\/wp-content\/uploads\/2024\/02\/20211127172238-450x210.jpg"},"medium_large":{"file":"20211127172238-768x359.jpg","width":768,"height":359,"mime-type":"image\/jpeg","filesize":124436,"source_url":"https:\/\/pragueartweek.cz\/wp-content\/uploads\/2024\/02\/20211127172238-768x359.jpg"},"1536x1536":{"file":"20211127172238-1536x717.jpg","width":1536,"height":717,"mime-type":"image\/jpeg","filesize":284274,"source_url":"https:\/\/pragueartweek.cz\/wp-content\/uploads\/2024\/02\/20211127172238-1536x717.jpg"},"2048x2048":{"file":"20211127172238-2048x956.jpg","width":2048,"height":956,"mime-type":"image\/jpeg","filesize":432165,"source_url":"https:\/\/pragueartweek.cz\/wp-content\/uploads\/2024\/02\/20211127172238-2048x956.jpg"},"cmplz_banner_image":{"file":"20211127172238-350x100.jpg","width":350,"height":100,"mime-type":"image\/jpeg","filesize":74713,"source_url":"https:\/\/pragueartweek.cz\/wp-content\/uploads\/2024\/02\/20211127172238-350x100.jpg"}}},"alt_text":"","url":"","target":""},{"id":6819,"title":"Building-Retouched-1024x609","caption":"","full_image_url":"https:\/\/pragueartweek.cz\/wp-content\/uploads\/2024\/02\/Building-Retouched-1024x609-1.jpg","thumbnail_image_url":"https:\/\/pragueartweek.cz\/wp-content\/uploads\/2024\/02\/Building-Retouched-1024x609-1-450x268.jpg","large_srcset":"https:\/\/pragueartweek.cz\/wp-content\/uploads\/2024\/02\/Building-Retouched-1024x609-1.jpg 1024w, https:\/\/pragueartweek.cz\/wp-content\/uploads\/2024\/02\/Building-Retouched-1024x609-1-900x535.jpg 900w, https:\/\/pragueartweek.cz\/wp-content\/uploads\/2024\/02\/Building-Retouched-1024x609-1-450x268.jpg 450w, https:\/\/pragueartweek.cz\/wp-content\/uploads\/2024\/02\/Building-Retouched-1024x609-1-768x457.jpg 768w","medium_srcset":"https:\/\/pragueartweek.cz\/wp-content\/uploads\/2024\/02\/Building-Retouched-1024x609-1-900x535.jpg 900w, https:\/\/pragueartweek.cz\/wp-content\/uploads\/2024\/02\/Building-Retouched-1024x609-1-450x268.jpg 450w, https:\/\/pragueartweek.cz\/wp-content\/uploads\/2024\/02\/Building-Retouched-1024x609-1-768x457.jpg 768w, https:\/\/pragueartweek.cz\/wp-content\/uploads\/2024\/02\/Building-Retouched-1024x609-1.jpg 1024w","media_details":{"width":1024,"height":609,"sizes":{"medium":{"file":"Building-Retouched-1024x609-1-900x535.jpg","width":900,"height":535,"mime-type":"image\/jpeg","filesize":84037,"source_url":"https:\/\/pragueartweek.cz\/wp-content\/uploads\/2024\/02\/Building-Retouched-1024x609-1-900x535.jpg"},"thumbnail":{"file":"Building-Retouched-1024x609-1-450x268.jpg","width":450,"height":268,"mime-type":"image\/jpeg","filesize":23982,"source_url":"https:\/\/pragueartweek.cz\/wp-content\/uploads\/2024\/02\/Building-Retouched-1024x609-1-450x268.jpg"},"medium_large":{"file":"Building-Retouched-1024x609-1-768x457.jpg","width":768,"height":457,"mime-type":"image\/jpeg","filesize":62884,"source_url":"https:\/\/pragueartweek.cz\/wp-content\/uploads\/2024\/02\/Building-Retouched-1024x609-1-768x457.jpg"},"cmplz_banner_image":{"file":"Building-Retouched-1024x609-1-350x100.jpg","width":350,"height":100,"mime-type":"image\/jpeg","filesize":9904,"source_url":"https:\/\/pragueartweek.cz\/wp-content\/uploads\/2024\/02\/Building-Retouched-1024x609-1-350x100.jpg"}}},"alt_text":"","url":"","target":""},{"id":6815,"title":"47c9c4_2874c7fdb7ca4ef89e416399f47ccc20~mv2","caption":"","full_image_url":"https:\/\/pragueartweek.cz\/wp-content\/uploads\/2024\/02\/47c9c4_2874c7fdb7ca4ef89e416399f47ccc20mv2.webp","thumbnail_image_url":"https:\/\/pragueartweek.cz\/wp-content\/uploads\/2024\/02\/47c9c4_2874c7fdb7ca4ef89e416399f47ccc20mv2-450x296.webp","large_srcset":"https:\/\/pragueartweek.cz\/wp-content\/uploads\/2024\/02\/47c9c4_2874c7fdb7ca4ef89e416399f47ccc20mv2-1800x1184.webp 1800w, https:\/\/pragueartweek.cz\/wp-content\/uploads\/2024\/02\/47c9c4_2874c7fdb7ca4ef89e416399f47ccc20mv2-900x592.webp 900w, https:\/\/pragueartweek.cz\/wp-content\/uploads\/2024\/02\/47c9c4_2874c7fdb7ca4ef89e416399f47ccc20mv2-450x296.webp 450w, https:\/\/pragueartweek.cz\/wp-content\/uploads\/2024\/02\/47c9c4_2874c7fdb7ca4ef89e416399f47ccc20mv2-768x505.webp 768w, https:\/\/pragueartweek.cz\/wp-content\/uploads\/2024\/02\/47c9c4_2874c7fdb7ca4ef89e416399f47ccc20mv2-1536x1010.webp 1536w, https:\/\/pragueartweek.cz\/wp-content\/uploads\/2024\/02\/47c9c4_2874c7fdb7ca4ef89e416399f47ccc20mv2-2048x1347.webp 2048w","medium_srcset":"https:\/\/pragueartweek.cz\/wp-content\/uploads\/2024\/02\/47c9c4_2874c7fdb7ca4ef89e416399f47ccc20mv2-900x592.webp 900w, https:\/\/pragueartweek.cz\/wp-content\/uploads\/2024\/02\/47c9c4_2874c7fdb7ca4ef89e416399f47ccc20mv2-1800x1184.webp 1800w, https:\/\/pragueartweek.cz\/wp-content\/uploads\/2024\/02\/47c9c4_2874c7fdb7ca4ef89e416399f47ccc20mv2-450x296.webp 450w, https:\/\/pragueartweek.cz\/wp-content\/uploads\/2024\/02\/47c9c4_2874c7fdb7ca4ef89e416399f47ccc20mv2-768x505.webp 768w, https:\/\/pragueartweek.cz\/wp-content\/uploads\/2024\/02\/47c9c4_2874c7fdb7ca4ef89e416399f47ccc20mv2-1536x1010.webp 1536w, https:\/\/pragueartweek.cz\/wp-content\/uploads\/2024\/02\/47c9c4_2874c7fdb7ca4ef89e416399f47ccc20mv2-2048x1347.webp 2048w","media_details":{"width":2478,"height":1630,"sizes":{"medium":{"file":"47c9c4_2874c7fdb7ca4ef89e416399f47ccc20mv2-900x592.webp","width":900,"height":592,"mime-type":"image\/webp","filesize":84402,"source_url":"https:\/\/pragueartweek.cz\/wp-content\/uploads\/2024\/02\/47c9c4_2874c7fdb7ca4ef89e416399f47ccc20mv2-900x592.webp"},"large":{"file":"47c9c4_2874c7fdb7ca4ef89e416399f47ccc20mv2-1800x1184.webp","width":1800,"height":1184,"mime-type":"image\/webp","filesize":264698,"source_url":"https:\/\/pragueartweek.cz\/wp-content\/uploads\/2024\/02\/47c9c4_2874c7fdb7ca4ef89e416399f47ccc20mv2-1800x1184.webp"},"thumbnail":{"file":"47c9c4_2874c7fdb7ca4ef89e416399f47ccc20mv2-450x296.webp","width":450,"height":296,"mime-type":"image\/webp","filesize":25654,"source_url":"https:\/\/pragueartweek.cz\/wp-content\/uploads\/2024\/02\/47c9c4_2874c7fdb7ca4ef89e416399f47ccc20mv2-450x296.webp"},"medium_large":{"file":"47c9c4_2874c7fdb7ca4ef89e416399f47ccc20mv2-768x505.webp","width":768,"height":505,"mime-type":"image\/webp","filesize":63732,"source_url":"https:\/\/pragueartweek.cz\/wp-content\/uploads\/2024\/02\/47c9c4_2874c7fdb7ca4ef89e416399f47ccc20mv2-768x505.webp"},"1536x1536":{"file":"47c9c4_2874c7fdb7ca4ef89e416399f47ccc20mv2-1536x1010.webp","width":1536,"height":1010,"mime-type":"image\/webp","filesize":205670,"source_url":"https:\/\/pragueartweek.cz\/wp-content\/uploads\/2024\/02\/47c9c4_2874c7fdb7ca4ef89e416399f47ccc20mv2-1536x1010.webp"},"2048x2048":{"file":"47c9c4_2874c7fdb7ca4ef89e416399f47ccc20mv2-2048x1347.webp","width":2048,"height":1347,"mime-type":"image\/webp","filesize":315166,"source_url":"https:\/\/pragueartweek.cz\/wp-content\/uploads\/2024\/02\/47c9c4_2874c7fdb7ca4ef89e416399f47ccc20mv2-2048x1347.webp"},"cmplz_banner_image":{"file":"47c9c4_2874c7fdb7ca4ef89e416399f47ccc20mv2-350x100.webp","width":350,"height":100,"mime-type":"image\/webp","filesize":8964,"source_url":"https:\/\/pragueartweek.cz\/wp-content\/uploads\/2024\/02\/47c9c4_2874c7fdb7ca4ef89e416399f47ccc20mv2-350x100.webp"}}},"alt_text":"","url":"","target":""},{"id":4072,"title":"PAW23_COLOR-05","caption":"","full_image_url":"https:\/\/pragueartweek.cz\/wp-content\/uploads\/2023\/05\/PAW23_COLOR-05-1.png","thumbnail_image_url":"https:\/\/pragueartweek.cz\/wp-content\/uploads\/2023\/05\/PAW23_COLOR-05-1-330x330.png","large_srcset":"https:\/\/pragueartweek.cz\/wp-content\/uploads\/2023\/05\/PAW23_COLOR-05-1-1321x1320.png 1321w, https:\/\/pragueartweek.cz\/wp-content\/uploads\/2023\/05\/PAW23_COLOR-05-1-660x660.png 660w, https:\/\/pragueartweek.cz\/wp-content\/uploads\/2023\/05\/PAW23_COLOR-05-1-330x330.png 330w, https:\/\/pragueartweek.cz\/wp-content\/uploads\/2023\/05\/PAW23_COLOR-05-1-768x768.png 768w, https:\/\/pragueartweek.cz\/wp-content\/uploads\/2023\/05\/PAW23_COLOR-05-1-1536x1536.png 1536w, https:\/\/pragueartweek.cz\/wp-content\/uploads\/2023\/05\/PAW23_COLOR-05-1-2048x2048.png 2048w","medium_srcset":"https:\/\/pragueartweek.cz\/wp-content\/uploads\/2023\/05\/PAW23_COLOR-05-1-660x660.png 660w, https:\/\/pragueartweek.cz\/wp-content\/uploads\/2023\/05\/PAW23_COLOR-05-1-1321x1320.png 1321w, https:\/\/pragueartweek.cz\/wp-content\/uploads\/2023\/05\/PAW23_COLOR-05-1-330x330.png 330w, https:\/\/pragueartweek.cz\/wp-content\/uploads\/2023\/05\/PAW23_COLOR-05-1-768x768.png 768w, https:\/\/pragueartweek.cz\/wp-content\/uploads\/2023\/05\/PAW23_COLOR-05-1-1536x1536.png 1536w, https:\/\/pragueartweek.cz\/wp-content\/uploads\/2023\/05\/PAW23_COLOR-05-1-2048x2048.png 2048w","media_details":{"width":2482,"height":2481,"sizes":{"medium":{"file":"PAW23_COLOR-05-1-660x660.png","width":660,"height":660,"mime-type":"image\/png","filesize":11754,"source_url":"https:\/\/pragueartweek.cz\/wp-content\/uploads\/2023\/05\/PAW23_COLOR-05-1-660x660.png"},"large":{"file":"PAW23_COLOR-05-1-1321x1320.png","width":1321,"height":1320,"mime-type":"image\/png","filesize":28211,"source_url":"https:\/\/pragueartweek.cz\/wp-content\/uploads\/2023\/05\/PAW23_COLOR-05-1-1321x1320.png"},"thumbnail":{"file":"PAW23_COLOR-05-1-330x330.png","width":330,"height":330,"mime-type":"image\/png","filesize":5453,"source_url":"https:\/\/pragueartweek.cz\/wp-content\/uploads\/2023\/05\/PAW23_COLOR-05-1-330x330.png"},"medium_large":{"file":"PAW23_COLOR-05-1-768x768.png","width":768,"height":768,"mime-type":"image\/png","filesize":13866,"source_url":"https:\/\/pragueartweek.cz\/wp-content\/uploads\/2023\/05\/PAW23_COLOR-05-1-768x768.png"},"1536x1536":{"file":"PAW23_COLOR-05-1-1536x1536.png","width":1536,"height":1536,"mime-type":"image\/png","filesize":34304,"source_url":"https:\/\/pragueartweek.cz\/wp-content\/uploads\/2023\/05\/PAW23_COLOR-05-1-1536x1536.png"},"2048x2048":{"file":"PAW23_COLOR-05-1-2048x2048.png","width":2048,"height":2048,"mime-type":"image\/png","filesize":49561,"source_url":"https:\/\/pragueartweek.cz\/wp-content\/uploads\/2023\/05\/PAW23_COLOR-05-1-2048x2048.png"},"cmplz_banner_image":{"file":"PAW23_COLOR-05-1-350x100.png","width":350,"height":100,"mime-type":"image\/png","filesize":5087,"source_url":"https:\/\/pragueartweek.cz\/wp-content\/uploads\/2023\/05\/PAW23_COLOR-05-1-350x100.png"}}},"alt_text":"","url":"","target":""}]]}},"yoast_head":"<!-- This site is optimized with the Yoast SEO plugin v27.4 - https:\/\/yoast.com\/product\/yoast-seo-wordpress\/ -->\n<title>PLAN_T: International opportunities | Prague Art Week 26<\/title>\n<meta name=\"description\" content=\"Prague Art Week aims to provide artists and art enthusiasts opportunities for residency.\" \/>\n<meta name=\"robots\" content=\"index, follow, max-snippet:-1, max-image-preview:large, max-video-preview:-1\" \/>\n<link rel=\"canonical\" href=\"https:\/\/pragueartweek.cz\/en\/news\/international-opportunities-for-artists-curators-and-art-institutions\/\" \/>\n<meta property=\"og:locale\" content=\"en_US\" \/>\n<meta property=\"og:type\" content=\"article\" \/>\n<meta property=\"og:title\" content=\"PLAN_T: International opportunities | Prague Art Week 26\" \/>\n<meta property=\"og:description\" content=\"Prague Art Week aims to provide artists and art enthusiasts opportunities for residency.\" \/>\n<meta property=\"og:url\" content=\"https:\/\/pragueartweek.cz\/en\/news\/international-opportunities-for-artists-curators-and-art-institutions\/\" \/>\n<meta property=\"og:site_name\" content=\"Prague Art Week 26\" \/>\n<meta property=\"article:publisher\" content=\"https:\/\/www.facebook.com\/pragueartweek22\/\" \/>\n<meta property=\"article:published_time\" content=\"2024-02-08T10:35:07+00:00\" \/>\n<meta property=\"article:modified_time\" content=\"2024-02-12T13:24:45+00:00\" \/>\n<meta property=\"og:image\" content=\"https:\/\/pragueartweek.cz\/wp-content\/uploads\/2023\/05\/e.png\" \/>\n\t<meta property=\"og:image:width\" content=\"450\" \/>\n\t<meta property=\"og:image:height\" content=\"330\" \/>\n\t<meta property=\"og:image:type\" content=\"image\/png\" \/>\n<meta name=\"author\" content=\"USER INFOMAIL\" \/>\n<meta name=\"twitter:card\" content=\"summary_large_image\" \/>\n<meta name=\"twitter:label1\" content=\"Written by\" \/>\n\t<meta name=\"twitter:data1\" content=\"USER INFOMAIL\" \/>\n\t<meta name=\"twitter:label2\" content=\"Est. reading time\" \/>\n\t<meta name=\"twitter:data2\" content=\"14 minutes\" \/>\n<script type=\"application\/ld+json\" class=\"yoast-schema-graph\">{\"@context\":\"https:\\\/\\\/schema.org\",\"@graph\":[{\"@type\":\"Article\",\"@id\":\"https:\\\/\\\/pragueartweek.cz\\\/en\\\/news\\\/international-opportunities-for-artists-curators-and-art-institutions\\\/#article\",\"isPartOf\":{\"@id\":\"https:\\\/\\\/pragueartweek.cz\\\/en\\\/news\\\/international-opportunities-for-artists-curators-and-art-institutions\\\/\"},\"author\":{\"name\":\"USER INFOMAIL\",\"@id\":\"https:\\\/\\\/pragueartweek.cz\\\/en\\\/#\\\/schema\\\/person\\\/55c2794539c1d8a507e447a1d1eb83ee\"},\"headline\":\"PLAN_T: International opportunities\",\"datePublished\":\"2024-02-08T10:35:07+00:00\",\"dateModified\":\"2024-02-12T13:24:45+00:00\",\"mainEntityOfPage\":{\"@id\":\"https:\\\/\\\/pragueartweek.cz\\\/en\\\/news\\\/international-opportunities-for-artists-curators-and-art-institutions\\\/\"},\"wordCount\":2577,\"publisher\":{\"@id\":\"https:\\\/\\\/pragueartweek.cz\\\/en\\\/#organization\"},\"image\":{\"@id\":\"https:\\\/\\\/pragueartweek.cz\\\/en\\\/news\\\/international-opportunities-for-artists-curators-and-art-institutions\\\/#primaryimage\"},\"thumbnailUrl\":\"https:\\\/\\\/pragueartweek.cz\\\/wp-content\\\/uploads\\\/2023\\\/05\\\/e.png\",\"articleSection\":[\"News\"],\"inLanguage\":\"en-US\"},{\"@type\":\"WebPage\",\"@id\":\"https:\\\/\\\/pragueartweek.cz\\\/en\\\/news\\\/international-opportunities-for-artists-curators-and-art-institutions\\\/\",\"url\":\"https:\\\/\\\/pragueartweek.cz\\\/en\\\/news\\\/international-opportunities-for-artists-curators-and-art-institutions\\\/\",\"name\":\"PLAN_T: International opportunities | Prague Art Week 26\",\"isPartOf\":{\"@id\":\"https:\\\/\\\/pragueartweek.cz\\\/en\\\/#website\"},\"primaryImageOfPage\":{\"@id\":\"https:\\\/\\\/pragueartweek.cz\\\/en\\\/news\\\/international-opportunities-for-artists-curators-and-art-institutions\\\/#primaryimage\"},\"image\":{\"@id\":\"https:\\\/\\\/pragueartweek.cz\\\/en\\\/news\\\/international-opportunities-for-artists-curators-and-art-institutions\\\/#primaryimage\"},\"thumbnailUrl\":\"https:\\\/\\\/pragueartweek.cz\\\/wp-content\\\/uploads\\\/2023\\\/05\\\/e.png\",\"datePublished\":\"2024-02-08T10:35:07+00:00\",\"dateModified\":\"2024-02-12T13:24:45+00:00\",\"description\":\"Prague Art Week aims to provide artists and art enthusiasts opportunities for residency.\",\"breadcrumb\":{\"@id\":\"https:\\\/\\\/pragueartweek.cz\\\/en\\\/news\\\/international-opportunities-for-artists-curators-and-art-institutions\\\/#breadcrumb\"},\"inLanguage\":\"en-US\",\"potentialAction\":[{\"@type\":\"ReadAction\",\"target\":[\"https:\\\/\\\/pragueartweek.cz\\\/en\\\/news\\\/international-opportunities-for-artists-curators-and-art-institutions\\\/\"]}]},{\"@type\":\"ImageObject\",\"inLanguage\":\"en-US\",\"@id\":\"https:\\\/\\\/pragueartweek.cz\\\/en\\\/news\\\/international-opportunities-for-artists-curators-and-art-institutions\\\/#primaryimage\",\"url\":\"https:\\\/\\\/pragueartweek.cz\\\/wp-content\\\/uploads\\\/2023\\\/05\\\/e.png\",\"contentUrl\":\"https:\\\/\\\/pragueartweek.cz\\\/wp-content\\\/uploads\\\/2023\\\/05\\\/e.png\",\"width\":450,\"height\":330},{\"@type\":\"BreadcrumbList\",\"@id\":\"https:\\\/\\\/pragueartweek.cz\\\/en\\\/news\\\/international-opportunities-for-artists-curators-and-art-institutions\\\/#breadcrumb\",\"itemListElement\":[{\"@type\":\"ListItem\",\"position\":1,\"name\":\"Home\",\"item\":\"https:\\\/\\\/pragueartweek.cz\\\/en\\\/\"},{\"@type\":\"ListItem\",\"position\":2,\"name\":\"News\",\"item\":\"https:\\\/\\\/pragueartweek.cz\\\/en\\\/news\\\/\"},{\"@type\":\"ListItem\",\"position\":3,\"name\":\"PLAN_T: International opportunities\"}]},{\"@type\":\"WebSite\",\"@id\":\"https:\\\/\\\/pragueartweek.cz\\\/en\\\/#website\",\"url\":\"https:\\\/\\\/pragueartweek.cz\\\/en\\\/\",\"name\":\"Prague Art Week 26\",\"description\":\"Prague Art Week je otev\u0159enou platformou pro kooperaci nejv\u00fdznamn\u011bj\u0161\u00edch instituc\u00ed na poli pra\u017esk\u00e9 um\u011bleck\u00e9 sc\u00e9ny.\",\"publisher\":{\"@id\":\"https:\\\/\\\/pragueartweek.cz\\\/en\\\/#organization\"},\"potentialAction\":[{\"@type\":\"SearchAction\",\"target\":{\"@type\":\"EntryPoint\",\"urlTemplate\":\"https:\\\/\\\/pragueartweek.cz\\\/en\\\/?s={search_term_string}\"},\"query-input\":{\"@type\":\"PropertyValueSpecification\",\"valueRequired\":true,\"valueName\":\"search_term_string\"}}],\"inLanguage\":\"en-US\"},{\"@type\":\"Organization\",\"@id\":\"https:\\\/\\\/pragueartweek.cz\\\/en\\\/#organization\",\"name\":\"Prague Art Week\",\"url\":\"https:\\\/\\\/pragueartweek.cz\\\/en\\\/\",\"logo\":{\"@type\":\"ImageObject\",\"inLanguage\":\"en-US\",\"@id\":\"https:\\\/\\\/pragueartweek.cz\\\/en\\\/#\\\/schema\\\/logo\\\/image\\\/\",\"url\":\"https:\\\/\\\/pragueartweek.cz\\\/wp-content\\\/uploads\\\/2022\\\/04\\\/LOGO_PAW_bez-roku-02.png\",\"contentUrl\":\"https:\\\/\\\/pragueartweek.cz\\\/wp-content\\\/uploads\\\/2022\\\/04\\\/LOGO_PAW_bez-roku-02.png\",\"width\":2481,\"height\":1749,\"caption\":\"Prague Art Week\"},\"image\":{\"@id\":\"https:\\\/\\\/pragueartweek.cz\\\/en\\\/#\\\/schema\\\/logo\\\/image\\\/\"},\"sameAs\":[\"https:\\\/\\\/www.facebook.com\\\/pragueartweek22\\\/\",\"https:\\\/\\\/www.instagram.com\\\/prague_art_week\\\/\"]},{\"@type\":\"Person\",\"@id\":\"https:\\\/\\\/pragueartweek.cz\\\/en\\\/#\\\/schema\\\/person\\\/55c2794539c1d8a507e447a1d1eb83ee\",\"name\":\"USER INFOMAIL\"}]}<\/script>\n<!-- \/ Yoast SEO plugin. -->","yoast_head_json":{"title":"PLAN_T: International opportunities | Prague Art Week 26","description":"Prague Art Week aims to provide artists and art enthusiasts opportunities for residency.","robots":{"index":"index","follow":"follow","max-snippet":"max-snippet:-1","max-image-preview":"max-image-preview:large","max-video-preview":"max-video-preview:-1"},"canonical":"https:\/\/pragueartweek.cz\/en\/news\/international-opportunities-for-artists-curators-and-art-institutions\/","og_locale":"en_US","og_type":"article","og_title":"PLAN_T: International opportunities | Prague Art Week 26","og_description":"Prague Art Week aims to provide artists and art enthusiasts opportunities for residency.","og_url":"https:\/\/pragueartweek.cz\/en\/news\/international-opportunities-for-artists-curators-and-art-institutions\/","og_site_name":"Prague Art Week 26","article_publisher":"https:\/\/www.facebook.com\/pragueartweek22\/","article_published_time":"2024-02-08T10:35:07+00:00","article_modified_time":"2024-02-12T13:24:45+00:00","og_image":[{"width":450,"height":330,"url":"https:\/\/pragueartweek.cz\/wp-content\/uploads\/2023\/05\/e.png","type":"image\/png"}],"author":"USER INFOMAIL","twitter_card":"summary_large_image","twitter_misc":{"Written by":"USER INFOMAIL","Est. reading time":"14 minutes"},"schema":{"@context":"https:\/\/schema.org","@graph":[{"@type":"Article","@id":"https:\/\/pragueartweek.cz\/en\/news\/international-opportunities-for-artists-curators-and-art-institutions\/#article","isPartOf":{"@id":"https:\/\/pragueartweek.cz\/en\/news\/international-opportunities-for-artists-curators-and-art-institutions\/"},"author":{"name":"USER INFOMAIL","@id":"https:\/\/pragueartweek.cz\/en\/#\/schema\/person\/55c2794539c1d8a507e447a1d1eb83ee"},"headline":"PLAN_T: International opportunities","datePublished":"2024-02-08T10:35:07+00:00","dateModified":"2024-02-12T13:24:45+00:00","mainEntityOfPage":{"@id":"https:\/\/pragueartweek.cz\/en\/news\/international-opportunities-for-artists-curators-and-art-institutions\/"},"wordCount":2577,"publisher":{"@id":"https:\/\/pragueartweek.cz\/en\/#organization"},"image":{"@id":"https:\/\/pragueartweek.cz\/en\/news\/international-opportunities-for-artists-curators-and-art-institutions\/#primaryimage"},"thumbnailUrl":"https:\/\/pragueartweek.cz\/wp-content\/uploads\/2023\/05\/e.png","articleSection":["News"],"inLanguage":"en-US"},{"@type":"WebPage","@id":"https:\/\/pragueartweek.cz\/en\/news\/international-opportunities-for-artists-curators-and-art-institutions\/","url":"https:\/\/pragueartweek.cz\/en\/news\/international-opportunities-for-artists-curators-and-art-institutions\/","name":"PLAN_T: International opportunities | Prague Art Week 26","isPartOf":{"@id":"https:\/\/pragueartweek.cz\/en\/#website"},"primaryImageOfPage":{"@id":"https:\/\/pragueartweek.cz\/en\/news\/international-opportunities-for-artists-curators-and-art-institutions\/#primaryimage"},"image":{"@id":"https:\/\/pragueartweek.cz\/en\/news\/international-opportunities-for-artists-curators-and-art-institutions\/#primaryimage"},"thumbnailUrl":"https:\/\/pragueartweek.cz\/wp-content\/uploads\/2023\/05\/e.png","datePublished":"2024-02-08T10:35:07+00:00","dateModified":"2024-02-12T13:24:45+00:00","description":"Prague Art Week aims to provide artists and art enthusiasts opportunities for residency.","breadcrumb":{"@id":"https:\/\/pragueartweek.cz\/en\/news\/international-opportunities-for-artists-curators-and-art-institutions\/#breadcrumb"},"inLanguage":"en-US","potentialAction":[{"@type":"ReadAction","target":["https:\/\/pragueartweek.cz\/en\/news\/international-opportunities-for-artists-curators-and-art-institutions\/"]}]},{"@type":"ImageObject","inLanguage":"en-US","@id":"https:\/\/pragueartweek.cz\/en\/news\/international-opportunities-for-artists-curators-and-art-institutions\/#primaryimage","url":"https:\/\/pragueartweek.cz\/wp-content\/uploads\/2023\/05\/e.png","contentUrl":"https:\/\/pragueartweek.cz\/wp-content\/uploads\/2023\/05\/e.png","width":450,"height":330},{"@type":"BreadcrumbList","@id":"https:\/\/pragueartweek.cz\/en\/news\/international-opportunities-for-artists-curators-and-art-institutions\/#breadcrumb","itemListElement":[{"@type":"ListItem","position":1,"name":"Home","item":"https:\/\/pragueartweek.cz\/en\/"},{"@type":"ListItem","position":2,"name":"News","item":"https:\/\/pragueartweek.cz\/en\/news\/"},{"@type":"ListItem","position":3,"name":"PLAN_T: International opportunities"}]},{"@type":"WebSite","@id":"https:\/\/pragueartweek.cz\/en\/#website","url":"https:\/\/pragueartweek.cz\/en\/","name":"Prague Art Week 26","description":"Prague Art Week je otev\u0159enou platformou pro kooperaci nejv\u00fdznamn\u011bj\u0161\u00edch instituc\u00ed na poli pra\u017esk\u00e9 um\u011bleck\u00e9 sc\u00e9ny.","publisher":{"@id":"https:\/\/pragueartweek.cz\/en\/#organization"},"potentialAction":[{"@type":"SearchAction","target":{"@type":"EntryPoint","urlTemplate":"https:\/\/pragueartweek.cz\/en\/?s={search_term_string}"},"query-input":{"@type":"PropertyValueSpecification","valueRequired":true,"valueName":"search_term_string"}}],"inLanguage":"en-US"},{"@type":"Organization","@id":"https:\/\/pragueartweek.cz\/en\/#organization","name":"Prague Art Week","url":"https:\/\/pragueartweek.cz\/en\/","logo":{"@type":"ImageObject","inLanguage":"en-US","@id":"https:\/\/pragueartweek.cz\/en\/#\/schema\/logo\/image\/","url":"https:\/\/pragueartweek.cz\/wp-content\/uploads\/2022\/04\/LOGO_PAW_bez-roku-02.png","contentUrl":"https:\/\/pragueartweek.cz\/wp-content\/uploads\/2022\/04\/LOGO_PAW_bez-roku-02.png","width":2481,"height":1749,"caption":"Prague Art Week"},"image":{"@id":"https:\/\/pragueartweek.cz\/en\/#\/schema\/logo\/image\/"},"sameAs":["https:\/\/www.facebook.com\/pragueartweek22\/","https:\/\/www.instagram.com\/prague_art_week\/"]},{"@type":"Person","@id":"https:\/\/pragueartweek.cz\/en\/#\/schema\/person\/55c2794539c1d8a507e447a1d1eb83ee","name":"USER INFOMAIL"}]}},"_links":{"self":[{"href":"https:\/\/pragueartweek.cz\/en\/wp-json\/wp\/v2\/posts\/4157","targetHints":{"allow":["GET"]}}],"collection":[{"href":"https:\/\/pragueartweek.cz\/en\/wp-json\/wp\/v2\/posts"}],"about":[{"href":"https:\/\/pragueartweek.cz\/en\/wp-json\/wp\/v2\/types\/post"}],"author":[{"embeddable":true,"href":"https:\/\/pragueartweek.cz\/en\/wp-json\/wp\/v2\/users\/7"}],"replies":[{"embeddable":true,"href":"https:\/\/pragueartweek.cz\/en\/wp-json\/wp\/v2\/comments?post=4157"}],"version-history":[{"count":14,"href":"https:\/\/pragueartweek.cz\/en\/wp-json\/wp\/v2\/posts\/4157\/revisions"}],"predecessor-version":[{"id":6824,"href":"https:\/\/pragueartweek.cz\/en\/wp-json\/wp\/v2\/posts\/4157\/revisions\/6824"}],"wp:featuredmedia":[{"embeddable":true,"href":"https:\/\/pragueartweek.cz\/en\/wp-json\/wp\/v2\/media\/4086"}],"wp:attachment":[{"href":"https:\/\/pragueartweek.cz\/en\/wp-json\/wp\/v2\/media?parent=4157"}],"wp:term":[{"taxonomy":"category","embeddable":true,"href":"https:\/\/pragueartweek.cz\/en\/wp-json\/wp\/v2\/categories?post=4157"},{"taxonomy":"post_tag","embeddable":true,"href":"https:\/\/pragueartweek.cz\/en\/wp-json\/wp\/v2\/tags?post=4157"}],"curies":[{"name":"wp","href":"https:\/\/api.w.org\/{rel}","templated":true}]}}