{"id":6723,"date":"2023-12-08T17:35:15","date_gmt":"2023-12-08T16:35:15","guid":{"rendered":"https:\/\/pragueartweek.cz\/?p=6723"},"modified":"2024-01-25T15:30:11","modified_gmt":"2024-01-25T14:30:11","slug":"paw-tip8-winter-shows-in-ghmp","status":"publish","type":"post","link":"https:\/\/pragueartweek.cz\/en\/news\/paw-tip8-winter-shows-in-ghmp\/","title":{"rendered":"PAW TIP#10 WINTER SHOWS IN GHMP"},"content":{"rendered":"<p><a href=\"https:\/\/www.ghmp.cz\/en\/exhibitions\/thinking-through-images\/\">Thinking through Images: The Visual Events of Miroslav Pet\u0159\u00ed\u010dek,&nbsp; 4. 10. 2023 \u2013 28. 1. 2024<\/a><\/p>\n<p><a href=\"https:\/\/www.ghmp.cz\/en\/exhibitions\/thinking-through-film\/\">Thinking Through Film, 8. 11. 2023 \u2013 18. 2. 2024<\/a><\/p>\n<p><a href=\"https:\/\/www.ghmp.cz\/aktuality\/svata-lucie-na-zamku-troja-12-13-prosince\/\">Svat\u00e1 Lucie na Troja Castle, 12.\u201313. prosince<\/a><\/p>\n","protected":false},"excerpt":{"rendered":"<p>Thinking through Images: The Visual Events of Miroslav Pet\u0159\u00ed\u010dek,&nbsp; 4. 10. 2023 \u2013 28. 1. 2024 Thinking Through Film, 8. 11. 2023 \u2013 18. 2. 2024 Svat\u00e1 Lucie na Troja Castle, 12.\u201313. prosince<\/p>\n","protected":false},"author":3,"featured_media":6719,"comment_status":"closed","ping_status":"closed","sticky":false,"template":"","format":"standard","meta":{"_acf_changed":false,"footnotes":""},"categories":[282,2],"tags":[],"class_list":["post-6723","post","type-post","status-publish","format-standard","has-post-thumbnail","hentry","category-news","category-uncategorized","wpautop"],"acf":{"photo_gallery":{"prispevek_galerie":[[{"id":6742,"title":"Sv_Lucie_GHMP_ Signal_Slavik_014","caption":"","full_image_url":"https:\/\/pragueartweek.cz\/wp-content\/uploads\/2023\/12\/Sv_Lucie_GHMP_-Signal_Slavik_014.jpg","thumbnail_image_url":"https:\/\/pragueartweek.cz\/wp-content\/uploads\/2023\/12\/Sv_Lucie_GHMP_-Signal_Slavik_014-450x300.jpg","large_srcset":"https:\/\/pragueartweek.cz\/wp-content\/uploads\/2023\/12\/Sv_Lucie_GHMP_-Signal_Slavik_014.jpg 1200w, https:\/\/pragueartweek.cz\/wp-content\/uploads\/2023\/12\/Sv_Lucie_GHMP_-Signal_Slavik_014-900x600.jpg 900w, https:\/\/pragueartweek.cz\/wp-content\/uploads\/2023\/12\/Sv_Lucie_GHMP_-Signal_Slavik_014-450x300.jpg 450w, https:\/\/pragueartweek.cz\/wp-content\/uploads\/2023\/12\/Sv_Lucie_GHMP_-Signal_Slavik_014-768x512.jpg 768w","medium_srcset":"https:\/\/pragueartweek.cz\/wp-content\/uploads\/2023\/12\/Sv_Lucie_GHMP_-Signal_Slavik_014-900x600.jpg 900w, https:\/\/pragueartweek.cz\/wp-content\/uploads\/2023\/12\/Sv_Lucie_GHMP_-Signal_Slavik_014-450x300.jpg 450w, https:\/\/pragueartweek.cz\/wp-content\/uploads\/2023\/12\/Sv_Lucie_GHMP_-Signal_Slavik_014-768x512.jpg 768w, https:\/\/pragueartweek.cz\/wp-content\/uploads\/2023\/12\/Sv_Lucie_GHMP_-Signal_Slavik_014.jpg 1200w","media_details":{"width":1200,"height":800,"sizes":{"medium":{"file":"Sv_Lucie_GHMP_-Signal_Slavik_014-900x600.jpg","width":900,"height":600,"mime-type":"image\/jpeg","filesize":139342,"source_url":"https:\/\/pragueartweek.cz\/wp-content\/uploads\/2023\/12\/Sv_Lucie_GHMP_-Signal_Slavik_014-900x600.jpg"},"thumbnail":{"file":"Sv_Lucie_GHMP_-Signal_Slavik_014-450x300.jpg","width":450,"height":300,"mime-type":"image\/jpeg","filesize":60476,"source_url":"https:\/\/pragueartweek.cz\/wp-content\/uploads\/2023\/12\/Sv_Lucie_GHMP_-Signal_Slavik_014-450x300.jpg"},"medium_large":{"file":"Sv_Lucie_GHMP_-Signal_Slavik_014-768x512.jpg","width":768,"height":512,"mime-type":"image\/jpeg","filesize":110952,"source_url":"https:\/\/pragueartweek.cz\/wp-content\/uploads\/2023\/12\/Sv_Lucie_GHMP_-Signal_Slavik_014-768x512.jpg"},"cmplz_banner_image":{"file":"Sv_Lucie_GHMP_-Signal_Slavik_014-350x100.jpg","width":350,"height":100,"mime-type":"image\/jpeg","filesize":41125,"source_url":"https:\/\/pragueartweek.cz\/wp-content\/uploads\/2023\/12\/Sv_Lucie_GHMP_-Signal_Slavik_014-350x100.jpg"}}},"alt_text":"","url":"","target":""},{"id":6740,"title":"Sv_Lucie_GHMP_ Signal_Slavik_032","caption":"","full_image_url":"https:\/\/pragueartweek.cz\/wp-content\/uploads\/2023\/12\/Sv_Lucie_GHMP_-Signal_Slavik_032.jpg","thumbnail_image_url":"https:\/\/pragueartweek.cz\/wp-content\/uploads\/2023\/12\/Sv_Lucie_GHMP_-Signal_Slavik_032-450x300.jpg","large_srcset":"https:\/\/pragueartweek.cz\/wp-content\/uploads\/2023\/12\/Sv_Lucie_GHMP_-Signal_Slavik_032.jpg 1200w, https:\/\/pragueartweek.cz\/wp-content\/uploads\/2023\/12\/Sv_Lucie_GHMP_-Signal_Slavik_032-900x600.jpg 900w, https:\/\/pragueartweek.cz\/wp-content\/uploads\/2023\/12\/Sv_Lucie_GHMP_-Signal_Slavik_032-450x300.jpg 450w, https:\/\/pragueartweek.cz\/wp-content\/uploads\/2023\/12\/Sv_Lucie_GHMP_-Signal_Slavik_032-768x512.jpg 768w","medium_srcset":"https:\/\/pragueartweek.cz\/wp-content\/uploads\/2023\/12\/Sv_Lucie_GHMP_-Signal_Slavik_032-900x600.jpg 900w, https:\/\/pragueartweek.cz\/wp-content\/uploads\/2023\/12\/Sv_Lucie_GHMP_-Signal_Slavik_032-450x300.jpg 450w, https:\/\/pragueartweek.cz\/wp-content\/uploads\/2023\/12\/Sv_Lucie_GHMP_-Signal_Slavik_032-768x512.jpg 768w, https:\/\/pragueartweek.cz\/wp-content\/uploads\/2023\/12\/Sv_Lucie_GHMP_-Signal_Slavik_032.jpg 1200w","media_details":{"width":1200,"height":800,"sizes":{"medium":{"file":"Sv_Lucie_GHMP_-Signal_Slavik_032-900x600.jpg","width":900,"height":600,"mime-type":"image\/jpeg","filesize":76099,"source_url":"https:\/\/pragueartweek.cz\/wp-content\/uploads\/2023\/12\/Sv_Lucie_GHMP_-Signal_Slavik_032-900x600.jpg"},"thumbnail":{"file":"Sv_Lucie_GHMP_-Signal_Slavik_032-450x300.jpg","width":450,"height":300,"mime-type":"image\/jpeg","filesize":31194,"source_url":"https:\/\/pragueartweek.cz\/wp-content\/uploads\/2023\/12\/Sv_Lucie_GHMP_-Signal_Slavik_032-450x300.jpg"},"medium_large":{"file":"Sv_Lucie_GHMP_-Signal_Slavik_032-768x512.jpg","width":768,"height":512,"mime-type":"image\/jpeg","filesize":60909,"source_url":"https:\/\/pragueartweek.cz\/wp-content\/uploads\/2023\/12\/Sv_Lucie_GHMP_-Signal_Slavik_032-768x512.jpg"},"cmplz_banner_image":{"file":"Sv_Lucie_GHMP_-Signal_Slavik_032-350x100.jpg","width":350,"height":100,"mime-type":"image\/jpeg","filesize":17050,"source_url":"https:\/\/pragueartweek.cz\/wp-content\/uploads\/2023\/12\/Sv_Lucie_GHMP_-Signal_Slavik_032-350x100.jpg"}}},"alt_text":"","url":"","target":""},{"id":6719,"title":"Jakub Jansa_The Garden Of Problems_Dum u kamenneho zvonu_GHMP_ph_Jan_Kolsky_33","caption":"","full_image_url":"https:\/\/pragueartweek.cz\/wp-content\/uploads\/2023\/12\/Jakub-Jansa_The-Garden-Of-Problems_Dum-u-kamenneho-zvonu_GHMP_ph_Jan_Kolsky_33-scaled.jpg","thumbnail_image_url":"https:\/\/pragueartweek.cz\/wp-content\/uploads\/2023\/12\/Jakub-Jansa_The-Garden-Of-Problems_Dum-u-kamenneho-zvonu_GHMP_ph_Jan_Kolsky_33-450x330.jpg","large_srcset":"https:\/\/pragueartweek.cz\/wp-content\/uploads\/2023\/12\/Jakub-Jansa_The-Garden-Of-Problems_Dum-u-kamenneho-zvonu_GHMP_ph_Jan_Kolsky_33-1800x1320.jpg 1800w, https:\/\/pragueartweek.cz\/wp-content\/uploads\/2023\/12\/Jakub-Jansa_The-Garden-Of-Problems_Dum-u-kamenneho-zvonu_GHMP_ph_Jan_Kolsky_33-900x660.jpg 900w, https:\/\/pragueartweek.cz\/wp-content\/uploads\/2023\/12\/Jakub-Jansa_The-Garden-Of-Problems_Dum-u-kamenneho-zvonu_GHMP_ph_Jan_Kolsky_33-450x330.jpg 450w, https:\/\/pragueartweek.cz\/wp-content\/uploads\/2023\/12\/Jakub-Jansa_The-Garden-Of-Problems_Dum-u-kamenneho-zvonu_GHMP_ph_Jan_Kolsky_33-768x563.jpg 768w, https:\/\/pragueartweek.cz\/wp-content\/uploads\/2023\/12\/Jakub-Jansa_The-Garden-Of-Problems_Dum-u-kamenneho-zvonu_GHMP_ph_Jan_Kolsky_33-1536x1126.jpg 1536w, https:\/\/pragueartweek.cz\/wp-content\/uploads\/2023\/12\/Jakub-Jansa_The-Garden-Of-Problems_Dum-u-kamenneho-zvonu_GHMP_ph_Jan_Kolsky_33-2048x1501.jpg 2048w","medium_srcset":"https:\/\/pragueartweek.cz\/wp-content\/uploads\/2023\/12\/Jakub-Jansa_The-Garden-Of-Problems_Dum-u-kamenneho-zvonu_GHMP_ph_Jan_Kolsky_33-900x660.jpg 900w, https:\/\/pragueartweek.cz\/wp-content\/uploads\/2023\/12\/Jakub-Jansa_The-Garden-Of-Problems_Dum-u-kamenneho-zvonu_GHMP_ph_Jan_Kolsky_33-1800x1320.jpg 1800w, https:\/\/pragueartweek.cz\/wp-content\/uploads\/2023\/12\/Jakub-Jansa_The-Garden-Of-Problems_Dum-u-kamenneho-zvonu_GHMP_ph_Jan_Kolsky_33-450x330.jpg 450w, https:\/\/pragueartweek.cz\/wp-content\/uploads\/2023\/12\/Jakub-Jansa_The-Garden-Of-Problems_Dum-u-kamenneho-zvonu_GHMP_ph_Jan_Kolsky_33-768x563.jpg 768w, https:\/\/pragueartweek.cz\/wp-content\/uploads\/2023\/12\/Jakub-Jansa_The-Garden-Of-Problems_Dum-u-kamenneho-zvonu_GHMP_ph_Jan_Kolsky_33-1536x1126.jpg 1536w, https:\/\/pragueartweek.cz\/wp-content\/uploads\/2023\/12\/Jakub-Jansa_The-Garden-Of-Problems_Dum-u-kamenneho-zvonu_GHMP_ph_Jan_Kolsky_33-2048x1501.jpg 2048w","media_details":{"width":2560,"height":1877,"sizes":{"medium":{"file":"Jakub-Jansa_The-Garden-Of-Problems_Dum-u-kamenneho-zvonu_GHMP_ph_Jan_Kolsky_33-900x660.jpg","width":900,"height":660,"mime-type":"image\/jpeg","filesize":147051,"source_url":"https:\/\/pragueartweek.cz\/wp-content\/uploads\/2023\/12\/Jakub-Jansa_The-Garden-Of-Problems_Dum-u-kamenneho-zvonu_GHMP_ph_Jan_Kolsky_33-900x660.jpg"},"large":{"file":"Jakub-Jansa_The-Garden-Of-Problems_Dum-u-kamenneho-zvonu_GHMP_ph_Jan_Kolsky_33-1800x1320.jpg","width":1800,"height":1320,"mime-type":"image\/jpeg","filesize":477931,"source_url":"https:\/\/pragueartweek.cz\/wp-content\/uploads\/2023\/12\/Jakub-Jansa_The-Garden-Of-Problems_Dum-u-kamenneho-zvonu_GHMP_ph_Jan_Kolsky_33-1800x1320.jpg"},"thumbnail":{"file":"Jakub-Jansa_The-Garden-Of-Problems_Dum-u-kamenneho-zvonu_GHMP_ph_Jan_Kolsky_33-450x330.jpg","width":450,"height":330,"mime-type":"image\/jpeg","filesize":57259,"source_url":"https:\/\/pragueartweek.cz\/wp-content\/uploads\/2023\/12\/Jakub-Jansa_The-Garden-Of-Problems_Dum-u-kamenneho-zvonu_GHMP_ph_Jan_Kolsky_33-450x330.jpg"},"medium_large":{"file":"Jakub-Jansa_The-Garden-Of-Problems_Dum-u-kamenneho-zvonu_GHMP_ph_Jan_Kolsky_33-768x563.jpg","width":768,"height":563,"mime-type":"image\/jpeg","filesize":115897,"source_url":"https:\/\/pragueartweek.cz\/wp-content\/uploads\/2023\/12\/Jakub-Jansa_The-Garden-Of-Problems_Dum-u-kamenneho-zvonu_GHMP_ph_Jan_Kolsky_33-768x563.jpg"},"1536x1536":{"file":"Jakub-Jansa_The-Garden-Of-Problems_Dum-u-kamenneho-zvonu_GHMP_ph_Jan_Kolsky_33-1536x1126.jpg","width":1536,"height":1126,"mime-type":"image\/jpeg","filesize":361240,"source_url":"https:\/\/pragueartweek.cz\/wp-content\/uploads\/2023\/12\/Jakub-Jansa_The-Garden-Of-Problems_Dum-u-kamenneho-zvonu_GHMP_ph_Jan_Kolsky_33-1536x1126.jpg"},"2048x2048":{"file":"Jakub-Jansa_The-Garden-Of-Problems_Dum-u-kamenneho-zvonu_GHMP_ph_Jan_Kolsky_33-2048x1501.jpg","width":2048,"height":1501,"mime-type":"image\/jpeg","filesize":605897,"source_url":"https:\/\/pragueartweek.cz\/wp-content\/uploads\/2023\/12\/Jakub-Jansa_The-Garden-Of-Problems_Dum-u-kamenneho-zvonu_GHMP_ph_Jan_Kolsky_33-2048x1501.jpg"},"cmplz_banner_image":{"file":"Jakub-Jansa_The-Garden-Of-Problems_Dum-u-kamenneho-zvonu_GHMP_ph_Jan_Kolsky_33-350x100.jpg","width":350,"height":100,"mime-type":"image\/jpeg","filesize":28948,"source_url":"https:\/\/pragueartweek.cz\/wp-content\/uploads\/2023\/12\/Jakub-Jansa_The-Garden-Of-Problems_Dum-u-kamenneho-zvonu_GHMP_ph_Jan_Kolsky_33-350x100.jpg"}}},"alt_text":"","url":"","target":""}]]}},"yoast_head":"<!-- This site is optimized with the Yoast SEO plugin v27.4 - https:\/\/yoast.com\/product\/yoast-seo-wordpress\/ -->\n<title>PAW TIP#10 WINTER SHOWS IN GHMP | Prague Art Week 26<\/title>\n<meta name=\"description\" content=\"The City Gallery of Prague has prepared two &quot;sister&quot; exhibitions for the late autumn and exhibition winter, which thematize visual - static and moving - film narratives in the gallery space. Together with the Signal Festival, there will also be an Advent light installation at Troja Castle.\" \/>\n<meta name=\"robots\" content=\"index, follow, max-snippet:-1, max-image-preview:large, max-video-preview:-1\" \/>\n<link rel=\"canonical\" href=\"https:\/\/pragueartweek.cz\/en\/news\/paw-tip8-winter-shows-in-ghmp\/\" \/>\n<meta property=\"og:locale\" content=\"en_US\" \/>\n<meta property=\"og:type\" content=\"article\" \/>\n<meta property=\"og:title\" content=\"PAW TIP#10 WINTER SHOWS IN GHMP | Prague Art Week 26\" \/>\n<meta property=\"og:description\" content=\"The City Gallery of Prague has prepared two &quot;sister&quot; exhibitions for the late autumn and exhibition winter, which thematize visual - static and moving - film narratives in the gallery space. Together with the Signal Festival, there will also be an Advent light installation at Troja Castle.\" \/>\n<meta property=\"og:url\" content=\"https:\/\/pragueartweek.cz\/en\/news\/paw-tip8-winter-shows-in-ghmp\/\" \/>\n<meta property=\"og:site_name\" content=\"Prague Art Week 26\" \/>\n<meta property=\"article:publisher\" content=\"https:\/\/www.facebook.com\/pragueartweek22\/\" \/>\n<meta property=\"article:published_time\" content=\"2023-12-08T16:35:15+00:00\" \/>\n<meta property=\"article:modified_time\" content=\"2024-01-25T14:30:11+00:00\" \/>\n<meta property=\"og:image\" content=\"https:\/\/pragueartweek.cz\/wp-content\/uploads\/2023\/12\/Jakub-Jansa_The-Garden-Of-Problems_Dum-u-kamenneho-zvonu_GHMP_ph_Jan_Kolsky_33-scaled.jpg\" \/>\n\t<meta property=\"og:image:width\" content=\"2560\" \/>\n\t<meta property=\"og:image:height\" content=\"1877\" \/>\n\t<meta property=\"og:image:type\" content=\"image\/jpeg\" \/>\n<meta name=\"author\" content=\"Lenka Bake\u0161ov\u00e1\" \/>\n<meta name=\"twitter:card\" content=\"summary_large_image\" \/>\n<meta name=\"twitter:label1\" content=\"Written by\" \/>\n\t<meta name=\"twitter:data1\" content=\"Lenka Bake\u0161ov\u00e1\" \/>\n\t<meta name=\"twitter:label2\" content=\"Est. reading time\" \/>\n\t<meta name=\"twitter:data2\" content=\"1 minute\" \/>\n<script type=\"application\/ld+json\" class=\"yoast-schema-graph\">{\"@context\":\"https:\\\/\\\/schema.org\",\"@graph\":[{\"@type\":\"Article\",\"@id\":\"https:\\\/\\\/pragueartweek.cz\\\/en\\\/news\\\/paw-tip8-winter-shows-in-ghmp\\\/#article\",\"isPartOf\":{\"@id\":\"https:\\\/\\\/pragueartweek.cz\\\/en\\\/news\\\/paw-tip8-winter-shows-in-ghmp\\\/\"},\"author\":{\"name\":\"Lenka Bake\u0161ov\u00e1\",\"@id\":\"https:\\\/\\\/pragueartweek.cz\\\/en\\\/#\\\/schema\\\/person\\\/15fbc1cb1e5ef2339129f3a7f895906f\"},\"headline\":\"PAW TIP#10 WINTER SHOWS IN GHMP\",\"datePublished\":\"2023-12-08T16:35:15+00:00\",\"dateModified\":\"2024-01-25T14:30:11+00:00\",\"mainEntityOfPage\":{\"@id\":\"https:\\\/\\\/pragueartweek.cz\\\/en\\\/news\\\/paw-tip8-winter-shows-in-ghmp\\\/\"},\"wordCount\":26,\"publisher\":{\"@id\":\"https:\\\/\\\/pragueartweek.cz\\\/en\\\/#organization\"},\"image\":{\"@id\":\"https:\\\/\\\/pragueartweek.cz\\\/en\\\/news\\\/paw-tip8-winter-shows-in-ghmp\\\/#primaryimage\"},\"thumbnailUrl\":\"https:\\\/\\\/pragueartweek.cz\\\/wp-content\\\/uploads\\\/2023\\\/12\\\/Jakub-Jansa_The-Garden-Of-Problems_Dum-u-kamenneho-zvonu_GHMP_ph_Jan_Kolsky_33-scaled.jpg\",\"articleSection\":[\"News\"],\"inLanguage\":\"en-US\"},{\"@type\":\"WebPage\",\"@id\":\"https:\\\/\\\/pragueartweek.cz\\\/en\\\/news\\\/paw-tip8-winter-shows-in-ghmp\\\/\",\"url\":\"https:\\\/\\\/pragueartweek.cz\\\/en\\\/news\\\/paw-tip8-winter-shows-in-ghmp\\\/\",\"name\":\"PAW TIP#10 WINTER SHOWS IN GHMP | Prague Art Week 26\",\"isPartOf\":{\"@id\":\"https:\\\/\\\/pragueartweek.cz\\\/en\\\/#website\"},\"primaryImageOfPage\":{\"@id\":\"https:\\\/\\\/pragueartweek.cz\\\/en\\\/news\\\/paw-tip8-winter-shows-in-ghmp\\\/#primaryimage\"},\"image\":{\"@id\":\"https:\\\/\\\/pragueartweek.cz\\\/en\\\/news\\\/paw-tip8-winter-shows-in-ghmp\\\/#primaryimage\"},\"thumbnailUrl\":\"https:\\\/\\\/pragueartweek.cz\\\/wp-content\\\/uploads\\\/2023\\\/12\\\/Jakub-Jansa_The-Garden-Of-Problems_Dum-u-kamenneho-zvonu_GHMP_ph_Jan_Kolsky_33-scaled.jpg\",\"datePublished\":\"2023-12-08T16:35:15+00:00\",\"dateModified\":\"2024-01-25T14:30:11+00:00\",\"description\":\"The City Gallery of Prague has prepared two \\\"sister\\\" exhibitions for the late autumn and exhibition winter, which thematize visual - static and moving - film narratives in the gallery space. Together with the Signal Festival, there will also be an Advent light installation at Troja Castle.\",\"breadcrumb\":{\"@id\":\"https:\\\/\\\/pragueartweek.cz\\\/en\\\/news\\\/paw-tip8-winter-shows-in-ghmp\\\/#breadcrumb\"},\"inLanguage\":\"en-US\",\"potentialAction\":[{\"@type\":\"ReadAction\",\"target\":[\"https:\\\/\\\/pragueartweek.cz\\\/en\\\/news\\\/paw-tip8-winter-shows-in-ghmp\\\/\"]}]},{\"@type\":\"ImageObject\",\"inLanguage\":\"en-US\",\"@id\":\"https:\\\/\\\/pragueartweek.cz\\\/en\\\/news\\\/paw-tip8-winter-shows-in-ghmp\\\/#primaryimage\",\"url\":\"https:\\\/\\\/pragueartweek.cz\\\/wp-content\\\/uploads\\\/2023\\\/12\\\/Jakub-Jansa_The-Garden-Of-Problems_Dum-u-kamenneho-zvonu_GHMP_ph_Jan_Kolsky_33-scaled.jpg\",\"contentUrl\":\"https:\\\/\\\/pragueartweek.cz\\\/wp-content\\\/uploads\\\/2023\\\/12\\\/Jakub-Jansa_The-Garden-Of-Problems_Dum-u-kamenneho-zvonu_GHMP_ph_Jan_Kolsky_33-scaled.jpg\",\"width\":2560,\"height\":1877},{\"@type\":\"BreadcrumbList\",\"@id\":\"https:\\\/\\\/pragueartweek.cz\\\/en\\\/news\\\/paw-tip8-winter-shows-in-ghmp\\\/#breadcrumb\",\"itemListElement\":[{\"@type\":\"ListItem\",\"position\":1,\"name\":\"Home\",\"item\":\"https:\\\/\\\/pragueartweek.cz\\\/en\\\/\"},{\"@type\":\"ListItem\",\"position\":2,\"name\":\"News\",\"item\":\"https:\\\/\\\/pragueartweek.cz\\\/en\\\/news\\\/\"},{\"@type\":\"ListItem\",\"position\":3,\"name\":\"PAW TIP#10 WINTER SHOWS IN GHMP\"}]},{\"@type\":\"WebSite\",\"@id\":\"https:\\\/\\\/pragueartweek.cz\\\/en\\\/#website\",\"url\":\"https:\\\/\\\/pragueartweek.cz\\\/en\\\/\",\"name\":\"Prague Art Week 26\",\"description\":\"Prague Art Week je otev\u0159enou platformou pro kooperaci nejv\u00fdznamn\u011bj\u0161\u00edch instituc\u00ed na poli pra\u017esk\u00e9 um\u011bleck\u00e9 sc\u00e9ny.\",\"publisher\":{\"@id\":\"https:\\\/\\\/pragueartweek.cz\\\/en\\\/#organization\"},\"potentialAction\":[{\"@type\":\"SearchAction\",\"target\":{\"@type\":\"EntryPoint\",\"urlTemplate\":\"https:\\\/\\\/pragueartweek.cz\\\/en\\\/?s={search_term_string}\"},\"query-input\":{\"@type\":\"PropertyValueSpecification\",\"valueRequired\":true,\"valueName\":\"search_term_string\"}}],\"inLanguage\":\"en-US\"},{\"@type\":\"Organization\",\"@id\":\"https:\\\/\\\/pragueartweek.cz\\\/en\\\/#organization\",\"name\":\"Prague Art Week\",\"url\":\"https:\\\/\\\/pragueartweek.cz\\\/en\\\/\",\"logo\":{\"@type\":\"ImageObject\",\"inLanguage\":\"en-US\",\"@id\":\"https:\\\/\\\/pragueartweek.cz\\\/en\\\/#\\\/schema\\\/logo\\\/image\\\/\",\"url\":\"https:\\\/\\\/pragueartweek.cz\\\/wp-content\\\/uploads\\\/2022\\\/04\\\/LOGO_PAW_bez-roku-02.png\",\"contentUrl\":\"https:\\\/\\\/pragueartweek.cz\\\/wp-content\\\/uploads\\\/2022\\\/04\\\/LOGO_PAW_bez-roku-02.png\",\"width\":2481,\"height\":1749,\"caption\":\"Prague Art Week\"},\"image\":{\"@id\":\"https:\\\/\\\/pragueartweek.cz\\\/en\\\/#\\\/schema\\\/logo\\\/image\\\/\"},\"sameAs\":[\"https:\\\/\\\/www.facebook.com\\\/pragueartweek22\\\/\",\"https:\\\/\\\/www.instagram.com\\\/prague_art_week\\\/\"]},{\"@type\":\"Person\",\"@id\":\"https:\\\/\\\/pragueartweek.cz\\\/en\\\/#\\\/schema\\\/person\\\/15fbc1cb1e5ef2339129f3a7f895906f\",\"name\":\"Lenka Bake\u0161ov\u00e1\"}]}<\/script>\n<!-- \/ Yoast SEO plugin. -->","yoast_head_json":{"title":"PAW TIP#10 WINTER SHOWS IN GHMP | Prague Art Week 26","description":"The City Gallery of Prague has prepared two \"sister\" exhibitions for the late autumn and exhibition winter, which thematize visual - static and moving - film narratives in the gallery space. Together with the Signal Festival, there will also be an Advent light installation at Troja Castle.","robots":{"index":"index","follow":"follow","max-snippet":"max-snippet:-1","max-image-preview":"max-image-preview:large","max-video-preview":"max-video-preview:-1"},"canonical":"https:\/\/pragueartweek.cz\/en\/news\/paw-tip8-winter-shows-in-ghmp\/","og_locale":"en_US","og_type":"article","og_title":"PAW TIP#10 WINTER SHOWS IN GHMP | Prague Art Week 26","og_description":"The City Gallery of Prague has prepared two \"sister\" exhibitions for the late autumn and exhibition winter, which thematize visual - static and moving - film narratives in the gallery space. Together with the Signal Festival, there will also be an Advent light installation at Troja Castle.","og_url":"https:\/\/pragueartweek.cz\/en\/news\/paw-tip8-winter-shows-in-ghmp\/","og_site_name":"Prague Art Week 26","article_publisher":"https:\/\/www.facebook.com\/pragueartweek22\/","article_published_time":"2023-12-08T16:35:15+00:00","article_modified_time":"2024-01-25T14:30:11+00:00","og_image":[{"width":2560,"height":1877,"url":"https:\/\/pragueartweek.cz\/wp-content\/uploads\/2023\/12\/Jakub-Jansa_The-Garden-Of-Problems_Dum-u-kamenneho-zvonu_GHMP_ph_Jan_Kolsky_33-scaled.jpg","type":"image\/jpeg"}],"author":"Lenka Bake\u0161ov\u00e1","twitter_card":"summary_large_image","twitter_misc":{"Written by":"Lenka Bake\u0161ov\u00e1","Est. reading time":"1 minute"},"schema":{"@context":"https:\/\/schema.org","@graph":[{"@type":"Article","@id":"https:\/\/pragueartweek.cz\/en\/news\/paw-tip8-winter-shows-in-ghmp\/#article","isPartOf":{"@id":"https:\/\/pragueartweek.cz\/en\/news\/paw-tip8-winter-shows-in-ghmp\/"},"author":{"name":"Lenka Bake\u0161ov\u00e1","@id":"https:\/\/pragueartweek.cz\/en\/#\/schema\/person\/15fbc1cb1e5ef2339129f3a7f895906f"},"headline":"PAW TIP#10 WINTER SHOWS IN GHMP","datePublished":"2023-12-08T16:35:15+00:00","dateModified":"2024-01-25T14:30:11+00:00","mainEntityOfPage":{"@id":"https:\/\/pragueartweek.cz\/en\/news\/paw-tip8-winter-shows-in-ghmp\/"},"wordCount":26,"publisher":{"@id":"https:\/\/pragueartweek.cz\/en\/#organization"},"image":{"@id":"https:\/\/pragueartweek.cz\/en\/news\/paw-tip8-winter-shows-in-ghmp\/#primaryimage"},"thumbnailUrl":"https:\/\/pragueartweek.cz\/wp-content\/uploads\/2023\/12\/Jakub-Jansa_The-Garden-Of-Problems_Dum-u-kamenneho-zvonu_GHMP_ph_Jan_Kolsky_33-scaled.jpg","articleSection":["News"],"inLanguage":"en-US"},{"@type":"WebPage","@id":"https:\/\/pragueartweek.cz\/en\/news\/paw-tip8-winter-shows-in-ghmp\/","url":"https:\/\/pragueartweek.cz\/en\/news\/paw-tip8-winter-shows-in-ghmp\/","name":"PAW TIP#10 WINTER SHOWS IN GHMP | Prague Art Week 26","isPartOf":{"@id":"https:\/\/pragueartweek.cz\/en\/#website"},"primaryImageOfPage":{"@id":"https:\/\/pragueartweek.cz\/en\/news\/paw-tip8-winter-shows-in-ghmp\/#primaryimage"},"image":{"@id":"https:\/\/pragueartweek.cz\/en\/news\/paw-tip8-winter-shows-in-ghmp\/#primaryimage"},"thumbnailUrl":"https:\/\/pragueartweek.cz\/wp-content\/uploads\/2023\/12\/Jakub-Jansa_The-Garden-Of-Problems_Dum-u-kamenneho-zvonu_GHMP_ph_Jan_Kolsky_33-scaled.jpg","datePublished":"2023-12-08T16:35:15+00:00","dateModified":"2024-01-25T14:30:11+00:00","description":"The City Gallery of Prague has prepared two \"sister\" exhibitions for the late autumn and exhibition winter, which thematize visual - static and moving - film narratives in the gallery space. Together with the Signal Festival, there will also be an Advent light installation at Troja Castle.","breadcrumb":{"@id":"https:\/\/pragueartweek.cz\/en\/news\/paw-tip8-winter-shows-in-ghmp\/#breadcrumb"},"inLanguage":"en-US","potentialAction":[{"@type":"ReadAction","target":["https:\/\/pragueartweek.cz\/en\/news\/paw-tip8-winter-shows-in-ghmp\/"]}]},{"@type":"ImageObject","inLanguage":"en-US","@id":"https:\/\/pragueartweek.cz\/en\/news\/paw-tip8-winter-shows-in-ghmp\/#primaryimage","url":"https:\/\/pragueartweek.cz\/wp-content\/uploads\/2023\/12\/Jakub-Jansa_The-Garden-Of-Problems_Dum-u-kamenneho-zvonu_GHMP_ph_Jan_Kolsky_33-scaled.jpg","contentUrl":"https:\/\/pragueartweek.cz\/wp-content\/uploads\/2023\/12\/Jakub-Jansa_The-Garden-Of-Problems_Dum-u-kamenneho-zvonu_GHMP_ph_Jan_Kolsky_33-scaled.jpg","width":2560,"height":1877},{"@type":"BreadcrumbList","@id":"https:\/\/pragueartweek.cz\/en\/news\/paw-tip8-winter-shows-in-ghmp\/#breadcrumb","itemListElement":[{"@type":"ListItem","position":1,"name":"Home","item":"https:\/\/pragueartweek.cz\/en\/"},{"@type":"ListItem","position":2,"name":"News","item":"https:\/\/pragueartweek.cz\/en\/news\/"},{"@type":"ListItem","position":3,"name":"PAW TIP#10 WINTER SHOWS IN GHMP"}]},{"@type":"WebSite","@id":"https:\/\/pragueartweek.cz\/en\/#website","url":"https:\/\/pragueartweek.cz\/en\/","name":"Prague Art Week 26","description":"Prague Art Week je otev\u0159enou platformou pro kooperaci nejv\u00fdznamn\u011bj\u0161\u00edch instituc\u00ed na poli pra\u017esk\u00e9 um\u011bleck\u00e9 sc\u00e9ny.","publisher":{"@id":"https:\/\/pragueartweek.cz\/en\/#organization"},"potentialAction":[{"@type":"SearchAction","target":{"@type":"EntryPoint","urlTemplate":"https:\/\/pragueartweek.cz\/en\/?s={search_term_string}"},"query-input":{"@type":"PropertyValueSpecification","valueRequired":true,"valueName":"search_term_string"}}],"inLanguage":"en-US"},{"@type":"Organization","@id":"https:\/\/pragueartweek.cz\/en\/#organization","name":"Prague Art Week","url":"https:\/\/pragueartweek.cz\/en\/","logo":{"@type":"ImageObject","inLanguage":"en-US","@id":"https:\/\/pragueartweek.cz\/en\/#\/schema\/logo\/image\/","url":"https:\/\/pragueartweek.cz\/wp-content\/uploads\/2022\/04\/LOGO_PAW_bez-roku-02.png","contentUrl":"https:\/\/pragueartweek.cz\/wp-content\/uploads\/2022\/04\/LOGO_PAW_bez-roku-02.png","width":2481,"height":1749,"caption":"Prague Art Week"},"image":{"@id":"https:\/\/pragueartweek.cz\/en\/#\/schema\/logo\/image\/"},"sameAs":["https:\/\/www.facebook.com\/pragueartweek22\/","https:\/\/www.instagram.com\/prague_art_week\/"]},{"@type":"Person","@id":"https:\/\/pragueartweek.cz\/en\/#\/schema\/person\/15fbc1cb1e5ef2339129f3a7f895906f","name":"Lenka Bake\u0161ov\u00e1"}]}},"_links":{"self":[{"href":"https:\/\/pragueartweek.cz\/en\/wp-json\/wp\/v2\/posts\/6723","targetHints":{"allow":["GET"]}}],"collection":[{"href":"https:\/\/pragueartweek.cz\/en\/wp-json\/wp\/v2\/posts"}],"about":[{"href":"https:\/\/pragueartweek.cz\/en\/wp-json\/wp\/v2\/types\/post"}],"author":[{"embeddable":true,"href":"https:\/\/pragueartweek.cz\/en\/wp-json\/wp\/v2\/users\/3"}],"replies":[{"embeddable":true,"href":"https:\/\/pragueartweek.cz\/en\/wp-json\/wp\/v2\/comments?post=6723"}],"version-history":[{"count":2,"href":"https:\/\/pragueartweek.cz\/en\/wp-json\/wp\/v2\/posts\/6723\/revisions"}],"predecessor-version":[{"id":6783,"href":"https:\/\/pragueartweek.cz\/en\/wp-json\/wp\/v2\/posts\/6723\/revisions\/6783"}],"wp:featuredmedia":[{"embeddable":true,"href":"https:\/\/pragueartweek.cz\/en\/wp-json\/wp\/v2\/media\/6719"}],"wp:attachment":[{"href":"https:\/\/pragueartweek.cz\/en\/wp-json\/wp\/v2\/media?parent=6723"}],"wp:term":[{"taxonomy":"category","embeddable":true,"href":"https:\/\/pragueartweek.cz\/en\/wp-json\/wp\/v2\/categories?post=6723"},{"taxonomy":"post_tag","embeddable":true,"href":"https:\/\/pragueartweek.cz\/en\/wp-json\/wp\/v2\/tags?post=6723"}],"curies":[{"name":"wp","href":"https:\/\/api.w.org\/{rel}","templated":true}]}}