{"id":6826,"date":"2024-02-12T15:20:26","date_gmt":"2024-02-12T14:20:26","guid":{"rendered":"https:\/\/pragueartweek.cz\/?p=6826"},"modified":"2024-02-16T12:43:22","modified_gmt":"2024-02-16T11:43:22","slug":"paw-tip01-big-prague-galleries-open-the-season","status":"publish","type":"post","link":"https:\/\/pragueartweek.cz\/en\/news\/paw-tip01-big-prague-galleries-open-the-season\/","title":{"rendered":"PAW TIP#01 Big Prague galleries open the season"},"content":{"rendered":"<p>KAFKAESQUE OPENS THE EXHIBITION SEASON AT THE DOX<\/p>\n<p>The KAFKAesque exhibition at the DOX Contemporary Art Centre brings a reflection of Kafka&#8217;s work and poetics in contemporary art. It does not offer a historical view of the writer&#8217;s work, but a view that reflects our contemporary situation with all its complexities and ambiguities. This is reflected in the works of more than thirty internationally renowned artists that are on display in the exhibition. At the exhibition you will delve into the concept of &#8220;Kafkaesque&#8221;, get to know the works of Kafkaesque professionals and amateurs, the curators invite you to visit the exhibition. For decades, attempts to understand Kafka&#8217;s literary works and his life have presented an intellectualand often emotional challenge to scholars and readers alike, and have been the subject of much interpretation. Every age has had a need to comment on Franz Kafka and his work, and today is no different. Everyone has their Kafka. You can revise or enrich your view of his work until 22 September 2023.<\/p>\n<p>&nbsp;<\/p>\n<p>RUDOLFINUM GALLERY INVITES TO THE EXHIBITION of Zhanna Kadyrova: UNEXPECTED<\/p>\n<p>Symbolically, from 29 February 2024, the Rudolfinum Gallery will host a solo exhibition of Zhanna Kadyrova, the Ukrainian artist whose world changed on 24 February 2022. The country is ravaged by war, Ukrainians have become refugees in their own homeland, many have gone abroad. Unexpectedly, Zhanna Kadyrova&#8217;s reality has also changed. She, too, became a refugee and her artistic work in its previous form lost its meaning. Faced with a sense of futility, she finds refuge in Berezov, a small village in the Carpathian Mountains, and seeks answers to her questions. How can she be an artist when her homeland has been brutally invaded? What is her role? How can she help? For Kadyrova, the only way out of this situation is to talk about life, culture and war in today&#8217;s Ukraine.<\/p>\n<p>&nbsp;<\/p>\n<p>EXHIBITION PLAN PRESENTED BY THE NATIONAL GALLERY<\/p>\n<p>In the coming years, the dramaturgy will focus on the themes of solidarity, Czech art in exile, the representation of women in art history and the environmental crisis. In 2024, visitors can look forward to the group exhibition No Feeling Lasts Forever. Solidarity Collection in Skopje. It will open in March at the Trade Fair Palace. Drawing on the unique collection of the Museum of Contemporary Art in Skopje, it reflects on the aid given to the city after the 1963 earthquake and provides a glimpse into the history of post-war modern art. From mid-May onwards, viewers can enjoy Michelangelo and works by other masters at the Wallenstein Riding School.<\/p>\n","protected":false},"excerpt":{"rendered":"<p>KAFKAESQUE OPENS THE EXHIBITION SEASON AT THE DOX The KAFKAesque exhibition at the DOX Contemporary Art Centre brings a reflection of Kafka&#8217;s work and poetics in contemporary art. It does not offer a historical view of the writer&#8217;s work, but a view that reflects our contemporary situation with all its complexities and ambiguities. This is&#8230; <a class=\"view-article\" href=\"https:\/\/pragueartweek.cz\/en\/news\/paw-tip01-big-prague-galleries-open-the-season\/\">View Article<\/a><\/p>\n","protected":false},"author":3,"featured_media":6834,"comment_status":"closed","ping_status":"closed","sticky":false,"template":"","format":"standard","meta":{"_acf_changed":false,"footnotes":""},"categories":[282,2],"tags":[],"class_list":["post-6826","post","type-post","status-publish","format-standard","has-post-thumbnail","hentry","category-news","category-uncategorized","wpautop"],"acf":{"photo_gallery":{"prispevek_galerie":[[{"id":6854,"title":"dox-kafkaesque-siegfried-herz-franz-kafka-2023","caption":"","full_image_url":"https:\/\/pragueartweek.cz\/wp-content\/uploads\/2024\/02\/dox-kafkaesque-siegfried-herz-franz-kafka-2023-scaled.jpg","thumbnail_image_url":"https:\/\/pragueartweek.cz\/wp-content\/uploads\/2024\/02\/dox-kafkaesque-siegfried-herz-franz-kafka-2023-232x330.jpg","large_srcset":"https:\/\/pragueartweek.cz\/wp-content\/uploads\/2024\/02\/dox-kafkaesque-siegfried-herz-franz-kafka-2023-928x1320.jpg 928w, https:\/\/pragueartweek.cz\/wp-content\/uploads\/2024\/02\/dox-kafkaesque-siegfried-herz-franz-kafka-2023-464x660.jpg 464w, https:\/\/pragueartweek.cz\/wp-content\/uploads\/2024\/02\/dox-kafkaesque-siegfried-herz-franz-kafka-2023-232x330.jpg 232w, https:\/\/pragueartweek.cz\/wp-content\/uploads\/2024\/02\/dox-kafkaesque-siegfried-herz-franz-kafka-2023-768x1092.jpg 768w, https:\/\/pragueartweek.cz\/wp-content\/uploads\/2024\/02\/dox-kafkaesque-siegfried-herz-franz-kafka-2023-1080x1536.jpg 1080w, https:\/\/pragueartweek.cz\/wp-content\/uploads\/2024\/02\/dox-kafkaesque-siegfried-herz-franz-kafka-2023-1440x2048.jpg 1440w, https:\/\/pragueartweek.cz\/wp-content\/uploads\/2024\/02\/dox-kafkaesque-siegfried-herz-franz-kafka-2023-scaled.jpg 1800w","medium_srcset":"https:\/\/pragueartweek.cz\/wp-content\/uploads\/2024\/02\/dox-kafkaesque-siegfried-herz-franz-kafka-2023-464x660.jpg 464w, https:\/\/pragueartweek.cz\/wp-content\/uploads\/2024\/02\/dox-kafkaesque-siegfried-herz-franz-kafka-2023-928x1320.jpg 928w, https:\/\/pragueartweek.cz\/wp-content\/uploads\/2024\/02\/dox-kafkaesque-siegfried-herz-franz-kafka-2023-232x330.jpg 232w, https:\/\/pragueartweek.cz\/wp-content\/uploads\/2024\/02\/dox-kafkaesque-siegfried-herz-franz-kafka-2023-768x1092.jpg 768w, https:\/\/pragueartweek.cz\/wp-content\/uploads\/2024\/02\/dox-kafkaesque-siegfried-herz-franz-kafka-2023-1080x1536.jpg 1080w, https:\/\/pragueartweek.cz\/wp-content\/uploads\/2024\/02\/dox-kafkaesque-siegfried-herz-franz-kafka-2023-1440x2048.jpg 1440w, https:\/\/pragueartweek.cz\/wp-content\/uploads\/2024\/02\/dox-kafkaesque-siegfried-herz-franz-kafka-2023-scaled.jpg 1800w","media_details":{"width":1800,"height":2560,"sizes":{"medium":{"file":"dox-kafkaesque-siegfried-herz-franz-kafka-2023-464x660.jpg","width":464,"height":660,"mime-type":"image\/jpeg","filesize":44358,"source_url":"https:\/\/pragueartweek.cz\/wp-content\/uploads\/2024\/02\/dox-kafkaesque-siegfried-herz-franz-kafka-2023-464x660.jpg"},"large":{"file":"dox-kafkaesque-siegfried-herz-franz-kafka-2023-928x1320.jpg","width":928,"height":1320,"mime-type":"image\/jpeg","filesize":156234,"source_url":"https:\/\/pragueartweek.cz\/wp-content\/uploads\/2024\/02\/dox-kafkaesque-siegfried-herz-franz-kafka-2023-928x1320.jpg"},"thumbnail":{"file":"dox-kafkaesque-siegfried-herz-franz-kafka-2023-232x330.jpg","width":232,"height":330,"mime-type":"image\/jpeg","filesize":13596,"source_url":"https:\/\/pragueartweek.cz\/wp-content\/uploads\/2024\/02\/dox-kafkaesque-siegfried-herz-franz-kafka-2023-232x330.jpg"},"medium_large":{"file":"dox-kafkaesque-siegfried-herz-franz-kafka-2023-768x1092.jpg","width":768,"height":1092,"mime-type":"image\/jpeg","filesize":110268,"source_url":"https:\/\/pragueartweek.cz\/wp-content\/uploads\/2024\/02\/dox-kafkaesque-siegfried-herz-franz-kafka-2023-768x1092.jpg"},"1536x1536":{"file":"dox-kafkaesque-siegfried-herz-franz-kafka-2023-1080x1536.jpg","width":1080,"height":1536,"mime-type":"image\/jpeg","filesize":208444,"source_url":"https:\/\/pragueartweek.cz\/wp-content\/uploads\/2024\/02\/dox-kafkaesque-siegfried-herz-franz-kafka-2023-1080x1536.jpg"},"2048x2048":{"file":"dox-kafkaesque-siegfried-herz-franz-kafka-2023-1440x2048.jpg","width":1440,"height":2048,"mime-type":"image\/jpeg","filesize":359186,"source_url":"https:\/\/pragueartweek.cz\/wp-content\/uploads\/2024\/02\/dox-kafkaesque-siegfried-herz-franz-kafka-2023-1440x2048.jpg"},"cmplz_banner_image":{"file":"dox-kafkaesque-siegfried-herz-franz-kafka-2023-350x100.jpg","width":350,"height":100,"mime-type":"image\/jpeg","filesize":6609,"source_url":"https:\/\/pragueartweek.cz\/wp-content\/uploads\/2024\/02\/dox-kafkaesque-siegfried-herz-franz-kafka-2023-350x100.jpg"}}},"alt_text":"","url":"","target":""},{"id":6856,"title":"dox-kafkaesque-pohled-do-vystavy-foto-jan-slavik-c-dox","caption":"","full_image_url":"https:\/\/pragueartweek.cz\/wp-content\/uploads\/2024\/02\/dox-kafkaesque-pohled-do-vystavy-foto-jan-slavik-c-dox-scaled.jpg","thumbnail_image_url":"https:\/\/pragueartweek.cz\/wp-content\/uploads\/2024\/02\/dox-kafkaesque-pohled-do-vystavy-foto-jan-slavik-c-dox-450x300.jpg","large_srcset":"https:\/\/pragueartweek.cz\/wp-content\/uploads\/2024\/02\/dox-kafkaesque-pohled-do-vystavy-foto-jan-slavik-c-dox-1800x1200.jpg 1800w, https:\/\/pragueartweek.cz\/wp-content\/uploads\/2024\/02\/dox-kafkaesque-pohled-do-vystavy-foto-jan-slavik-c-dox-900x600.jpg 900w, https:\/\/pragueartweek.cz\/wp-content\/uploads\/2024\/02\/dox-kafkaesque-pohled-do-vystavy-foto-jan-slavik-c-dox-450x300.jpg 450w, https:\/\/pragueartweek.cz\/wp-content\/uploads\/2024\/02\/dox-kafkaesque-pohled-do-vystavy-foto-jan-slavik-c-dox-768x512.jpg 768w, https:\/\/pragueartweek.cz\/wp-content\/uploads\/2024\/02\/dox-kafkaesque-pohled-do-vystavy-foto-jan-slavik-c-dox-1536x1024.jpg 1536w, https:\/\/pragueartweek.cz\/wp-content\/uploads\/2024\/02\/dox-kafkaesque-pohled-do-vystavy-foto-jan-slavik-c-dox-2048x1366.jpg 2048w","medium_srcset":"https:\/\/pragueartweek.cz\/wp-content\/uploads\/2024\/02\/dox-kafkaesque-pohled-do-vystavy-foto-jan-slavik-c-dox-900x600.jpg 900w, https:\/\/pragueartweek.cz\/wp-content\/uploads\/2024\/02\/dox-kafkaesque-pohled-do-vystavy-foto-jan-slavik-c-dox-1800x1200.jpg 1800w, https:\/\/pragueartweek.cz\/wp-content\/uploads\/2024\/02\/dox-kafkaesque-pohled-do-vystavy-foto-jan-slavik-c-dox-450x300.jpg 450w, https:\/\/pragueartweek.cz\/wp-content\/uploads\/2024\/02\/dox-kafkaesque-pohled-do-vystavy-foto-jan-slavik-c-dox-768x512.jpg 768w, https:\/\/pragueartweek.cz\/wp-content\/uploads\/2024\/02\/dox-kafkaesque-pohled-do-vystavy-foto-jan-slavik-c-dox-1536x1024.jpg 1536w, https:\/\/pragueartweek.cz\/wp-content\/uploads\/2024\/02\/dox-kafkaesque-pohled-do-vystavy-foto-jan-slavik-c-dox-2048x1366.jpg 2048w","media_details":{"width":2560,"height":1707,"sizes":{"medium":{"file":"dox-kafkaesque-pohled-do-vystavy-foto-jan-slavik-c-dox-900x600.jpg","width":900,"height":600,"mime-type":"image\/jpeg","filesize":65013,"source_url":"https:\/\/pragueartweek.cz\/wp-content\/uploads\/2024\/02\/dox-kafkaesque-pohled-do-vystavy-foto-jan-slavik-c-dox-900x600.jpg"},"large":{"file":"dox-kafkaesque-pohled-do-vystavy-foto-jan-slavik-c-dox-1800x1200.jpg","width":1800,"height":1200,"mime-type":"image\/jpeg","filesize":219935,"source_url":"https:\/\/pragueartweek.cz\/wp-content\/uploads\/2024\/02\/dox-kafkaesque-pohled-do-vystavy-foto-jan-slavik-c-dox-1800x1200.jpg"},"thumbnail":{"file":"dox-kafkaesque-pohled-do-vystavy-foto-jan-slavik-c-dox-450x300.jpg","width":450,"height":300,"mime-type":"image\/jpeg","filesize":21224,"source_url":"https:\/\/pragueartweek.cz\/wp-content\/uploads\/2024\/02\/dox-kafkaesque-pohled-do-vystavy-foto-jan-slavik-c-dox-450x300.jpg"},"medium_large":{"file":"dox-kafkaesque-pohled-do-vystavy-foto-jan-slavik-c-dox-768x512.jpg","width":768,"height":512,"mime-type":"image\/jpeg","filesize":49883,"source_url":"https:\/\/pragueartweek.cz\/wp-content\/uploads\/2024\/02\/dox-kafkaesque-pohled-do-vystavy-foto-jan-slavik-c-dox-768x512.jpg"},"1536x1536":{"file":"dox-kafkaesque-pohled-do-vystavy-foto-jan-slavik-c-dox-1536x1024.jpg","width":1536,"height":1024,"mime-type":"image\/jpeg","filesize":163607,"source_url":"https:\/\/pragueartweek.cz\/wp-content\/uploads\/2024\/02\/dox-kafkaesque-pohled-do-vystavy-foto-jan-slavik-c-dox-1536x1024.jpg"},"2048x2048":{"file":"dox-kafkaesque-pohled-do-vystavy-foto-jan-slavik-c-dox-2048x1366.jpg","width":2048,"height":1366,"mime-type":"image\/jpeg","filesize":282852,"source_url":"https:\/\/pragueartweek.cz\/wp-content\/uploads\/2024\/02\/dox-kafkaesque-pohled-do-vystavy-foto-jan-slavik-c-dox-2048x1366.jpg"},"cmplz_banner_image":{"file":"dox-kafkaesque-pohled-do-vystavy-foto-jan-slavik-c-dox-350x100.jpg","width":350,"height":100,"mime-type":"image\/jpeg","filesize":7389,"source_url":"https:\/\/pragueartweek.cz\/wp-content\/uploads\/2024\/02\/dox-kafkaesque-pohled-do-vystavy-foto-jan-slavik-c-dox-350x100.jpg"}}},"alt_text":"","url":"","target":""},{"id":6828,"title":"dox-kafkaesque-mat-collishaw-insilico-2023-foto-jan-slavik-c-dox","caption":"","full_image_url":"https:\/\/pragueartweek.cz\/wp-content\/uploads\/2024\/02\/dox-kafkaesque-mat-collishaw-insilico-2023-foto-jan-slavik-c-dox-scaled.jpg","thumbnail_image_url":"https:\/\/pragueartweek.cz\/wp-content\/uploads\/2024\/02\/dox-kafkaesque-mat-collishaw-insilico-2023-foto-jan-slavik-c-dox-220x330.jpg","large_srcset":"https:\/\/pragueartweek.cz\/wp-content\/uploads\/2024\/02\/dox-kafkaesque-mat-collishaw-insilico-2023-foto-jan-slavik-c-dox-880x1320.jpg 880w, https:\/\/pragueartweek.cz\/wp-content\/uploads\/2024\/02\/dox-kafkaesque-mat-collishaw-insilico-2023-foto-jan-slavik-c-dox-440x660.jpg 440w, https:\/\/pragueartweek.cz\/wp-content\/uploads\/2024\/02\/dox-kafkaesque-mat-collishaw-insilico-2023-foto-jan-slavik-c-dox-220x330.jpg 220w, https:\/\/pragueartweek.cz\/wp-content\/uploads\/2024\/02\/dox-kafkaesque-mat-collishaw-insilico-2023-foto-jan-slavik-c-dox-768x1152.jpg 768w, https:\/\/pragueartweek.cz\/wp-content\/uploads\/2024\/02\/dox-kafkaesque-mat-collishaw-insilico-2023-foto-jan-slavik-c-dox-1024x1536.jpg 1024w, https:\/\/pragueartweek.cz\/wp-content\/uploads\/2024\/02\/dox-kafkaesque-mat-collishaw-insilico-2023-foto-jan-slavik-c-dox-1365x2048.jpg 1365w, https:\/\/pragueartweek.cz\/wp-content\/uploads\/2024\/02\/dox-kafkaesque-mat-collishaw-insilico-2023-foto-jan-slavik-c-dox-scaled.jpg 1706w","medium_srcset":"https:\/\/pragueartweek.cz\/wp-content\/uploads\/2024\/02\/dox-kafkaesque-mat-collishaw-insilico-2023-foto-jan-slavik-c-dox-440x660.jpg 440w, https:\/\/pragueartweek.cz\/wp-content\/uploads\/2024\/02\/dox-kafkaesque-mat-collishaw-insilico-2023-foto-jan-slavik-c-dox-880x1320.jpg 880w, https:\/\/pragueartweek.cz\/wp-content\/uploads\/2024\/02\/dox-kafkaesque-mat-collishaw-insilico-2023-foto-jan-slavik-c-dox-220x330.jpg 220w, https:\/\/pragueartweek.cz\/wp-content\/uploads\/2024\/02\/dox-kafkaesque-mat-collishaw-insilico-2023-foto-jan-slavik-c-dox-768x1152.jpg 768w, https:\/\/pragueartweek.cz\/wp-content\/uploads\/2024\/02\/dox-kafkaesque-mat-collishaw-insilico-2023-foto-jan-slavik-c-dox-1024x1536.jpg 1024w, https:\/\/pragueartweek.cz\/wp-content\/uploads\/2024\/02\/dox-kafkaesque-mat-collishaw-insilico-2023-foto-jan-slavik-c-dox-1365x2048.jpg 1365w, https:\/\/pragueartweek.cz\/wp-content\/uploads\/2024\/02\/dox-kafkaesque-mat-collishaw-insilico-2023-foto-jan-slavik-c-dox-scaled.jpg 1706w","media_details":{"width":1706,"height":2560,"sizes":{"medium":{"file":"dox-kafkaesque-mat-collishaw-insilico-2023-foto-jan-slavik-c-dox-440x660.jpg","width":440,"height":660,"mime-type":"image\/jpeg","filesize":27501,"source_url":"https:\/\/pragueartweek.cz\/wp-content\/uploads\/2024\/02\/dox-kafkaesque-mat-collishaw-insilico-2023-foto-jan-slavik-c-dox-440x660.jpg"},"large":{"file":"dox-kafkaesque-mat-collishaw-insilico-2023-foto-jan-slavik-c-dox-880x1320.jpg","width":880,"height":1320,"mime-type":"image\/jpeg","filesize":83474,"source_url":"https:\/\/pragueartweek.cz\/wp-content\/uploads\/2024\/02\/dox-kafkaesque-mat-collishaw-insilico-2023-foto-jan-slavik-c-dox-880x1320.jpg"},"thumbnail":{"file":"dox-kafkaesque-mat-collishaw-insilico-2023-foto-jan-slavik-c-dox-220x330.jpg","width":220,"height":330,"mime-type":"image\/jpeg","filesize":9092,"source_url":"https:\/\/pragueartweek.cz\/wp-content\/uploads\/2024\/02\/dox-kafkaesque-mat-collishaw-insilico-2023-foto-jan-slavik-c-dox-220x330.jpg"},"medium_large":{"file":"dox-kafkaesque-mat-collishaw-insilico-2023-foto-jan-slavik-c-dox-768x1152.jpg","width":768,"height":1152,"mime-type":"image\/jpeg","filesize":66765,"source_url":"https:\/\/pragueartweek.cz\/wp-content\/uploads\/2024\/02\/dox-kafkaesque-mat-collishaw-insilico-2023-foto-jan-slavik-c-dox-768x1152.jpg"},"1536x1536":{"file":"dox-kafkaesque-mat-collishaw-insilico-2023-foto-jan-slavik-c-dox-1024x1536.jpg","width":1024,"height":1536,"mime-type":"image\/jpeg","filesize":107615,"source_url":"https:\/\/pragueartweek.cz\/wp-content\/uploads\/2024\/02\/dox-kafkaesque-mat-collishaw-insilico-2023-foto-jan-slavik-c-dox-1024x1536.jpg"},"2048x2048":{"file":"dox-kafkaesque-mat-collishaw-insilico-2023-foto-jan-slavik-c-dox-1365x2048.jpg","width":1365,"height":2048,"mime-type":"image\/jpeg","filesize":179838,"source_url":"https:\/\/pragueartweek.cz\/wp-content\/uploads\/2024\/02\/dox-kafkaesque-mat-collishaw-insilico-2023-foto-jan-slavik-c-dox-1365x2048.jpg"},"cmplz_banner_image":{"file":"dox-kafkaesque-mat-collishaw-insilico-2023-foto-jan-slavik-c-dox-350x100.jpg","width":350,"height":100,"mime-type":"image\/jpeg","filesize":3500,"source_url":"https:\/\/pragueartweek.cz\/wp-content\/uploads\/2024\/02\/dox-kafkaesque-mat-collishaw-insilico-2023-foto-jan-slavik-c-dox-350x100.jpg"}}},"alt_text":"","url":"","target":""},{"id":6834,"title":"Bienale_DSC02470-2-868x580","caption":"","full_image_url":"https:\/\/pragueartweek.cz\/wp-content\/uploads\/2024\/02\/Bienale_DSC02470-2-868x580-2.jpg","thumbnail_image_url":"https:\/\/pragueartweek.cz\/wp-content\/uploads\/2024\/02\/Bienale_DSC02470-2-868x580-2-450x330.jpg","large_srcset":"https:\/\/pragueartweek.cz\/wp-content\/uploads\/2024\/02\/Bienale_DSC02470-2-868x580-2.jpg 790w, https:\/\/pragueartweek.cz\/wp-content\/uploads\/2024\/02\/Bienale_DSC02470-2-868x580-2-450x330.jpg 450w, https:\/\/pragueartweek.cz\/wp-content\/uploads\/2024\/02\/Bienale_DSC02470-2-868x580-2-768x564.jpg 768w","medium_srcset":"https:\/\/pragueartweek.cz\/wp-content\/uploads\/2024\/02\/Bienale_DSC02470-2-868x580-2.jpg 790w, https:\/\/pragueartweek.cz\/wp-content\/uploads\/2024\/02\/Bienale_DSC02470-2-868x580-2-450x330.jpg 450w, https:\/\/pragueartweek.cz\/wp-content\/uploads\/2024\/02\/Bienale_DSC02470-2-868x580-2-768x564.jpg 768w","media_details":{"width":790,"height":580,"sizes":{"thumbnail":{"file":"Bienale_DSC02470-2-868x580-2-450x330.jpg","width":450,"height":330,"mime-type":"image\/jpeg","filesize":54953,"source_url":"https:\/\/pragueartweek.cz\/wp-content\/uploads\/2024\/02\/Bienale_DSC02470-2-868x580-2-450x330.jpg"},"medium_large":{"file":"Bienale_DSC02470-2-868x580-2-768x564.jpg","width":768,"height":564,"mime-type":"image\/jpeg","filesize":111425,"source_url":"https:\/\/pragueartweek.cz\/wp-content\/uploads\/2024\/02\/Bienale_DSC02470-2-868x580-2-768x564.jpg"},"cmplz_banner_image":{"file":"Bienale_DSC02470-2-868x580-2-350x100.jpg","width":350,"height":100,"mime-type":"image\/jpeg","filesize":26725,"source_url":"https:\/\/pragueartweek.cz\/wp-content\/uploads\/2024\/02\/Bienale_DSC02470-2-868x580-2-350x100.jpg"}}},"alt_text":"","url":"","target":""},{"id":6838,"title":"11","caption":"","full_image_url":"https:\/\/pragueartweek.cz\/wp-content\/uploads\/2024\/02\/11-scaled.jpg","thumbnail_image_url":"https:\/\/pragueartweek.cz\/wp-content\/uploads\/2024\/02\/11-450x300.jpg","large_srcset":"https:\/\/pragueartweek.cz\/wp-content\/uploads\/2024\/02\/11-1800x1201.jpg 1800w, https:\/\/pragueartweek.cz\/wp-content\/uploads\/2024\/02\/11-900x601.jpg 900w, https:\/\/pragueartweek.cz\/wp-content\/uploads\/2024\/02\/11-450x300.jpg 450w, https:\/\/pragueartweek.cz\/wp-content\/uploads\/2024\/02\/11-768x513.jpg 768w, https:\/\/pragueartweek.cz\/wp-content\/uploads\/2024\/02\/11-1536x1025.jpg 1536w, https:\/\/pragueartweek.cz\/wp-content\/uploads\/2024\/02\/11-2048x1367.jpg 2048w","medium_srcset":"https:\/\/pragueartweek.cz\/wp-content\/uploads\/2024\/02\/11-900x601.jpg 900w, https:\/\/pragueartweek.cz\/wp-content\/uploads\/2024\/02\/11-1800x1201.jpg 1800w, https:\/\/pragueartweek.cz\/wp-content\/uploads\/2024\/02\/11-450x300.jpg 450w, https:\/\/pragueartweek.cz\/wp-content\/uploads\/2024\/02\/11-768x513.jpg 768w, https:\/\/pragueartweek.cz\/wp-content\/uploads\/2024\/02\/11-1536x1025.jpg 1536w, https:\/\/pragueartweek.cz\/wp-content\/uploads\/2024\/02\/11-2048x1367.jpg 2048w","media_details":{"width":2560,"height":1709,"sizes":{"medium":{"file":"11-900x601.jpg","width":900,"height":601,"mime-type":"image\/jpeg","filesize":112309,"source_url":"https:\/\/pragueartweek.cz\/wp-content\/uploads\/2024\/02\/11-900x601.jpg"},"large":{"file":"11-1800x1201.jpg","width":1800,"height":1201,"mime-type":"image\/jpeg","filesize":329821,"source_url":"https:\/\/pragueartweek.cz\/wp-content\/uploads\/2024\/02\/11-1800x1201.jpg"},"thumbnail":{"file":"11-450x300.jpg","width":450,"height":300,"mime-type":"image\/jpeg","filesize":47226,"source_url":"https:\/\/pragueartweek.cz\/wp-content\/uploads\/2024\/02\/11-450x300.jpg"},"medium_large":{"file":"11-768x513.jpg","width":768,"height":513,"mime-type":"image\/jpeg","filesize":89556,"source_url":"https:\/\/pragueartweek.cz\/wp-content\/uploads\/2024\/02\/11-768x513.jpg"},"1536x1536":{"file":"11-1536x1025.jpg","width":1536,"height":1025,"mime-type":"image\/jpeg","filesize":253510,"source_url":"https:\/\/pragueartweek.cz\/wp-content\/uploads\/2024\/02\/11-1536x1025.jpg"},"2048x2048":{"file":"11-2048x1367.jpg","width":2048,"height":1367,"mime-type":"image\/jpeg","filesize":407715,"source_url":"https:\/\/pragueartweek.cz\/wp-content\/uploads\/2024\/02\/11-2048x1367.jpg"},"cmplz_banner_image":{"file":"11-350x100.jpg","width":350,"height":100,"mime-type":"image\/jpeg","filesize":27281,"source_url":"https:\/\/pragueartweek.cz\/wp-content\/uploads\/2024\/02\/11-350x100.jpg"}}},"alt_text":"","url":"","target":""},{"id":6840,"title":"07","caption":"","full_image_url":"https:\/\/pragueartweek.cz\/wp-content\/uploads\/2024\/02\/07-scaled.jpg","thumbnail_image_url":"https:\/\/pragueartweek.cz\/wp-content\/uploads\/2024\/02\/07-450x300.jpg","large_srcset":"https:\/\/pragueartweek.cz\/wp-content\/uploads\/2024\/02\/07-1800x1201.jpg 1800w, https:\/\/pragueartweek.cz\/wp-content\/uploads\/2024\/02\/07-900x601.jpg 900w, https:\/\/pragueartweek.cz\/wp-content\/uploads\/2024\/02\/07-450x300.jpg 450w, https:\/\/pragueartweek.cz\/wp-content\/uploads\/2024\/02\/07-768x513.jpg 768w, https:\/\/pragueartweek.cz\/wp-content\/uploads\/2024\/02\/07-1536x1025.jpg 1536w, https:\/\/pragueartweek.cz\/wp-content\/uploads\/2024\/02\/07-2048x1367.jpg 2048w","medium_srcset":"https:\/\/pragueartweek.cz\/wp-content\/uploads\/2024\/02\/07-900x601.jpg 900w, https:\/\/pragueartweek.cz\/wp-content\/uploads\/2024\/02\/07-1800x1201.jpg 1800w, https:\/\/pragueartweek.cz\/wp-content\/uploads\/2024\/02\/07-450x300.jpg 450w, https:\/\/pragueartweek.cz\/wp-content\/uploads\/2024\/02\/07-768x513.jpg 768w, https:\/\/pragueartweek.cz\/wp-content\/uploads\/2024\/02\/07-1536x1025.jpg 1536w, https:\/\/pragueartweek.cz\/wp-content\/uploads\/2024\/02\/07-2048x1367.jpg 2048w","media_details":{"width":2560,"height":1709,"sizes":{"medium":{"file":"07-900x601.jpg","width":900,"height":601,"mime-type":"image\/jpeg","filesize":259146,"source_url":"https:\/\/pragueartweek.cz\/wp-content\/uploads\/2024\/02\/07-900x601.jpg"},"large":{"file":"07-1800x1201.jpg","width":1800,"height":1201,"mime-type":"image\/jpeg","filesize":978899,"source_url":"https:\/\/pragueartweek.cz\/wp-content\/uploads\/2024\/02\/07-1800x1201.jpg"},"thumbnail":{"file":"07-450x300.jpg","width":450,"height":300,"mime-type":"image\/jpeg","filesize":77454,"source_url":"https:\/\/pragueartweek.cz\/wp-content\/uploads\/2024\/02\/07-450x300.jpg"},"medium_large":{"file":"07-768x513.jpg","width":768,"height":513,"mime-type":"image\/jpeg","filesize":192338,"source_url":"https:\/\/pragueartweek.cz\/wp-content\/uploads\/2024\/02\/07-768x513.jpg"},"1536x1536":{"file":"07-1536x1025.jpg","width":1536,"height":1025,"mime-type":"image\/jpeg","filesize":722571,"source_url":"https:\/\/pragueartweek.cz\/wp-content\/uploads\/2024\/02\/07-1536x1025.jpg"},"2048x2048":{"file":"07-2048x1367.jpg","width":2048,"height":1367,"mime-type":"image\/jpeg","filesize":1248931,"source_url":"https:\/\/pragueartweek.cz\/wp-content\/uploads\/2024\/02\/07-2048x1367.jpg"},"cmplz_banner_image":{"file":"07-350x100.jpg","width":350,"height":100,"mime-type":"image\/jpeg","filesize":36345,"source_url":"https:\/\/pragueartweek.cz\/wp-content\/uploads\/2024\/02\/07-350x100.jpg"}}},"alt_text":"","url":"","target":""},{"id":6842,"title":"00_Zhanna Kadyrova","caption":"","full_image_url":"https:\/\/pragueartweek.cz\/wp-content\/uploads\/2024\/02\/00_Zhanna-Kadyrova-scaled.jpg","thumbnail_image_url":"https:\/\/pragueartweek.cz\/wp-content\/uploads\/2024\/02\/00_Zhanna-Kadyrova-450x276.jpg","large_srcset":"https:\/\/pragueartweek.cz\/wp-content\/uploads\/2024\/02\/00_Zhanna-Kadyrova-1800x1104.jpg 1800w, https:\/\/pragueartweek.cz\/wp-content\/uploads\/2024\/02\/00_Zhanna-Kadyrova-900x552.jpg 900w, https:\/\/pragueartweek.cz\/wp-content\/uploads\/2024\/02\/00_Zhanna-Kadyrova-450x276.jpg 450w, https:\/\/pragueartweek.cz\/wp-content\/uploads\/2024\/02\/00_Zhanna-Kadyrova-768x471.jpg 768w, https:\/\/pragueartweek.cz\/wp-content\/uploads\/2024\/02\/00_Zhanna-Kadyrova-1536x942.jpg 1536w, https:\/\/pragueartweek.cz\/wp-content\/uploads\/2024\/02\/00_Zhanna-Kadyrova-2048x1256.jpg 2048w","medium_srcset":"https:\/\/pragueartweek.cz\/wp-content\/uploads\/2024\/02\/00_Zhanna-Kadyrova-900x552.jpg 900w, https:\/\/pragueartweek.cz\/wp-content\/uploads\/2024\/02\/00_Zhanna-Kadyrova-1800x1104.jpg 1800w, https:\/\/pragueartweek.cz\/wp-content\/uploads\/2024\/02\/00_Zhanna-Kadyrova-450x276.jpg 450w, https:\/\/pragueartweek.cz\/wp-content\/uploads\/2024\/02\/00_Zhanna-Kadyrova-768x471.jpg 768w, https:\/\/pragueartweek.cz\/wp-content\/uploads\/2024\/02\/00_Zhanna-Kadyrova-1536x942.jpg 1536w, https:\/\/pragueartweek.cz\/wp-content\/uploads\/2024\/02\/00_Zhanna-Kadyrova-2048x1256.jpg 2048w","media_details":{"width":2560,"height":1570,"sizes":{"medium":{"file":"00_Zhanna-Kadyrova-900x552.jpg","width":900,"height":552,"mime-type":"image\/jpeg","filesize":103338,"source_url":"https:\/\/pragueartweek.cz\/wp-content\/uploads\/2024\/02\/00_Zhanna-Kadyrova-900x552.jpg"},"large":{"file":"00_Zhanna-Kadyrova-1800x1104.jpg","width":1800,"height":1104,"mime-type":"image\/jpeg","filesize":282104,"source_url":"https:\/\/pragueartweek.cz\/wp-content\/uploads\/2024\/02\/00_Zhanna-Kadyrova-1800x1104.jpg"},"thumbnail":{"file":"00_Zhanna-Kadyrova-450x276.jpg","width":450,"height":276,"mime-type":"image\/jpeg","filesize":44666,"source_url":"https:\/\/pragueartweek.cz\/wp-content\/uploads\/2024\/02\/00_Zhanna-Kadyrova-450x276.jpg"},"medium_large":{"file":"00_Zhanna-Kadyrova-768x471.jpg","width":768,"height":471,"mime-type":"image\/jpeg","filesize":82818,"source_url":"https:\/\/pragueartweek.cz\/wp-content\/uploads\/2024\/02\/00_Zhanna-Kadyrova-768x471.jpg"},"1536x1536":{"file":"00_Zhanna-Kadyrova-1536x942.jpg","width":1536,"height":942,"mime-type":"image\/jpeg","filesize":223897,"source_url":"https:\/\/pragueartweek.cz\/wp-content\/uploads\/2024\/02\/00_Zhanna-Kadyrova-1536x942.jpg"},"2048x2048":{"file":"00_Zhanna-Kadyrova-2048x1256.jpg","width":2048,"height":1256,"mime-type":"image\/jpeg","filesize":339869,"source_url":"https:\/\/pragueartweek.cz\/wp-content\/uploads\/2024\/02\/00_Zhanna-Kadyrova-2048x1256.jpg"},"cmplz_banner_image":{"file":"00_Zhanna-Kadyrova-350x100.jpg","width":350,"height":100,"mime-type":"image\/jpeg","filesize":28664,"source_url":"https:\/\/pragueartweek.cz\/wp-content\/uploads\/2024\/02\/00_Zhanna-Kadyrova-350x100.jpg"}}},"alt_text":"","url":"","target":""},{"id":6852,"title":"Eva-Kot\u030ca\u0301tkova\u0301,-The-heart-of-a-giraffe-in-captivity-is-twelve-kilos-lighter,-2023-(3)","caption":"","full_image_url":"https:\/\/pragueartweek.cz\/wp-content\/uploads\/2024\/02\/Eva-Kotatkova-The-heart-of-a-giraffe-in-captivity-is-twelve-kilos-lighter-2023-3-scaled.jpg","thumbnail_image_url":"https:\/\/pragueartweek.cz\/wp-content\/uploads\/2024\/02\/Eva-Kotatkova-The-heart-of-a-giraffe-in-captivity-is-twelve-kilos-lighter-2023-3-220x330.jpg","large_srcset":"https:\/\/pragueartweek.cz\/wp-content\/uploads\/2024\/02\/Eva-Kotatkova-The-heart-of-a-giraffe-in-captivity-is-twelve-kilos-lighter-2023-3-879x1320.jpg 879w, https:\/\/pragueartweek.cz\/wp-content\/uploads\/2024\/02\/Eva-Kotatkova-The-heart-of-a-giraffe-in-captivity-is-twelve-kilos-lighter-2023-3-439x660.jpg 439w, https:\/\/pragueartweek.cz\/wp-content\/uploads\/2024\/02\/Eva-Kotatkova-The-heart-of-a-giraffe-in-captivity-is-twelve-kilos-lighter-2023-3-220x330.jpg 220w, https:\/\/pragueartweek.cz\/wp-content\/uploads\/2024\/02\/Eva-Kotatkova-The-heart-of-a-giraffe-in-captivity-is-twelve-kilos-lighter-2023-3-768x1153.jpg 768w, https:\/\/pragueartweek.cz\/wp-content\/uploads\/2024\/02\/Eva-Kotatkova-The-heart-of-a-giraffe-in-captivity-is-twelve-kilos-lighter-2023-3-1023x1536.jpg 1023w, https:\/\/pragueartweek.cz\/wp-content\/uploads\/2024\/02\/Eva-Kotatkova-The-heart-of-a-giraffe-in-captivity-is-twelve-kilos-lighter-2023-3-1364x2048.jpg 1364w, https:\/\/pragueartweek.cz\/wp-content\/uploads\/2024\/02\/Eva-Kotatkova-The-heart-of-a-giraffe-in-captivity-is-twelve-kilos-lighter-2023-3-scaled.jpg 1704w","medium_srcset":"https:\/\/pragueartweek.cz\/wp-content\/uploads\/2024\/02\/Eva-Kotatkova-The-heart-of-a-giraffe-in-captivity-is-twelve-kilos-lighter-2023-3-439x660.jpg 439w, https:\/\/pragueartweek.cz\/wp-content\/uploads\/2024\/02\/Eva-Kotatkova-The-heart-of-a-giraffe-in-captivity-is-twelve-kilos-lighter-2023-3-879x1320.jpg 879w, https:\/\/pragueartweek.cz\/wp-content\/uploads\/2024\/02\/Eva-Kotatkova-The-heart-of-a-giraffe-in-captivity-is-twelve-kilos-lighter-2023-3-220x330.jpg 220w, https:\/\/pragueartweek.cz\/wp-content\/uploads\/2024\/02\/Eva-Kotatkova-The-heart-of-a-giraffe-in-captivity-is-twelve-kilos-lighter-2023-3-768x1153.jpg 768w, https:\/\/pragueartweek.cz\/wp-content\/uploads\/2024\/02\/Eva-Kotatkova-The-heart-of-a-giraffe-in-captivity-is-twelve-kilos-lighter-2023-3-1023x1536.jpg 1023w, https:\/\/pragueartweek.cz\/wp-content\/uploads\/2024\/02\/Eva-Kotatkova-The-heart-of-a-giraffe-in-captivity-is-twelve-kilos-lighter-2023-3-1364x2048.jpg 1364w, https:\/\/pragueartweek.cz\/wp-content\/uploads\/2024\/02\/Eva-Kotatkova-The-heart-of-a-giraffe-in-captivity-is-twelve-kilos-lighter-2023-3-scaled.jpg 1704w","media_details":{"width":1704,"height":2560,"sizes":{"medium":{"file":"Eva-Kotatkova-The-heart-of-a-giraffe-in-captivity-is-twelve-kilos-lighter-2023-3-439x660.jpg","width":439,"height":660,"mime-type":"image\/jpeg","filesize":43155,"source_url":"https:\/\/pragueartweek.cz\/wp-content\/uploads\/2024\/02\/Eva-Kotatkova-The-heart-of-a-giraffe-in-captivity-is-twelve-kilos-lighter-2023-3-439x660.jpg"},"large":{"file":"Eva-Kotatkova-The-heart-of-a-giraffe-in-captivity-is-twelve-kilos-lighter-2023-3-879x1320.jpg","width":879,"height":1320,"mime-type":"image\/jpeg","filesize":105230,"source_url":"https:\/\/pragueartweek.cz\/wp-content\/uploads\/2024\/02\/Eva-Kotatkova-The-heart-of-a-giraffe-in-captivity-is-twelve-kilos-lighter-2023-3-879x1320.jpg"},"thumbnail":{"file":"Eva-Kotatkova-The-heart-of-a-giraffe-in-captivity-is-twelve-kilos-lighter-2023-3-220x330.jpg","width":220,"height":330,"mime-type":"image\/jpeg","filesize":27195,"source_url":"https:\/\/pragueartweek.cz\/wp-content\/uploads\/2024\/02\/Eva-Kotatkova-The-heart-of-a-giraffe-in-captivity-is-twelve-kilos-lighter-2023-3-220x330.jpg"},"medium_large":{"file":"Eva-Kotatkova-The-heart-of-a-giraffe-in-captivity-is-twelve-kilos-lighter-2023-3-768x1153.jpg","width":768,"height":1153,"mime-type":"image\/jpeg","filesize":84915,"source_url":"https:\/\/pragueartweek.cz\/wp-content\/uploads\/2024\/02\/Eva-Kotatkova-The-heart-of-a-giraffe-in-captivity-is-twelve-kilos-lighter-2023-3-768x1153.jpg"},"1536x1536":{"file":"Eva-Kotatkova-The-heart-of-a-giraffe-in-captivity-is-twelve-kilos-lighter-2023-3-1023x1536.jpg","width":1023,"height":1536,"mime-type":"image\/jpeg","filesize":136335,"source_url":"https:\/\/pragueartweek.cz\/wp-content\/uploads\/2024\/02\/Eva-Kotatkova-The-heart-of-a-giraffe-in-captivity-is-twelve-kilos-lighter-2023-3-1023x1536.jpg"},"2048x2048":{"file":"Eva-Kotatkova-The-heart-of-a-giraffe-in-captivity-is-twelve-kilos-lighter-2023-3-1364x2048.jpg","width":1364,"height":2048,"mime-type":"image\/jpeg","filesize":239037,"source_url":"https:\/\/pragueartweek.cz\/wp-content\/uploads\/2024\/02\/Eva-Kotatkova-The-heart-of-a-giraffe-in-captivity-is-twelve-kilos-lighter-2023-3-1364x2048.jpg"},"cmplz_banner_image":{"file":"Eva-Kotatkova-The-heart-of-a-giraffe-in-captivity-is-twelve-kilos-lighter-2023-3-350x100.jpg","width":350,"height":100,"mime-type":"image\/jpeg","filesize":26100,"source_url":"https:\/\/pragueartweek.cz\/wp-content\/uploads\/2024\/02\/Eva-Kotatkova-The-heart-of-a-giraffe-in-captivity-is-twelve-kilos-lighter-2023-3-350x100.jpg"}}},"alt_text":"","url":"","target":""}]]}},"yoast_head":"<!-- This site is optimized with the Yoast SEO plugin v27.4 - https:\/\/yoast.com\/product\/yoast-seo-wordpress\/ -->\n<title>PAW TIP#01 Big Prague galleries open the season | Prague Art Week 26<\/title>\n<meta name=\"description\" content=\"Big Prague galleries open the season\" \/>\n<meta name=\"robots\" content=\"index, follow, max-snippet:-1, max-image-preview:large, max-video-preview:-1\" \/>\n<link rel=\"canonical\" href=\"https:\/\/pragueartweek.cz\/en\/news\/paw-tip01-big-prague-galleries-open-the-season\/\" \/>\n<meta property=\"og:locale\" content=\"en_US\" \/>\n<meta property=\"og:type\" content=\"article\" \/>\n<meta property=\"og:title\" content=\"PAW TIP#01 Big Prague galleries open the season | Prague Art Week 26\" \/>\n<meta property=\"og:description\" content=\"Big Prague galleries open the season\" \/>\n<meta property=\"og:url\" content=\"https:\/\/pragueartweek.cz\/en\/news\/paw-tip01-big-prague-galleries-open-the-season\/\" \/>\n<meta property=\"og:site_name\" content=\"Prague Art Week 26\" \/>\n<meta property=\"article:publisher\" content=\"https:\/\/www.facebook.com\/pragueartweek22\/\" \/>\n<meta property=\"article:published_time\" content=\"2024-02-12T14:20:26+00:00\" \/>\n<meta property=\"article:modified_time\" content=\"2024-02-16T11:43:22+00:00\" \/>\n<meta property=\"og:image\" content=\"https:\/\/pragueartweek.cz\/wp-content\/uploads\/2024\/02\/Bienale_DSC02470-2-868x580-2.jpg\" \/>\n\t<meta property=\"og:image:width\" content=\"790\" \/>\n\t<meta property=\"og:image:height\" content=\"580\" \/>\n\t<meta property=\"og:image:type\" content=\"image\/jpeg\" \/>\n<meta name=\"author\" content=\"Lenka Bake\u0161ov\u00e1\" \/>\n<meta name=\"twitter:card\" content=\"summary_large_image\" \/>\n<meta name=\"twitter:label1\" content=\"Written by\" \/>\n\t<meta name=\"twitter:data1\" content=\"Lenka Bake\u0161ov\u00e1\" \/>\n\t<meta name=\"twitter:label2\" content=\"Est. reading time\" \/>\n\t<meta name=\"twitter:data2\" content=\"3 minutes\" \/>\n<script type=\"application\/ld+json\" class=\"yoast-schema-graph\">{\"@context\":\"https:\\\/\\\/schema.org\",\"@graph\":[{\"@type\":\"Article\",\"@id\":\"https:\\\/\\\/pragueartweek.cz\\\/en\\\/news\\\/paw-tip01-big-prague-galleries-open-the-season\\\/#article\",\"isPartOf\":{\"@id\":\"https:\\\/\\\/pragueartweek.cz\\\/en\\\/news\\\/paw-tip01-big-prague-galleries-open-the-season\\\/\"},\"author\":{\"name\":\"Lenka Bake\u0161ov\u00e1\",\"@id\":\"https:\\\/\\\/pragueartweek.cz\\\/en\\\/#\\\/schema\\\/person\\\/15fbc1cb1e5ef2339129f3a7f895906f\"},\"headline\":\"PAW TIP#01 Big Prague galleries open the season\",\"datePublished\":\"2024-02-12T14:20:26+00:00\",\"dateModified\":\"2024-02-16T11:43:22+00:00\",\"mainEntityOfPage\":{\"@id\":\"https:\\\/\\\/pragueartweek.cz\\\/en\\\/news\\\/paw-tip01-big-prague-galleries-open-the-season\\\/\"},\"wordCount\":436,\"publisher\":{\"@id\":\"https:\\\/\\\/pragueartweek.cz\\\/en\\\/#organization\"},\"image\":{\"@id\":\"https:\\\/\\\/pragueartweek.cz\\\/en\\\/news\\\/paw-tip01-big-prague-galleries-open-the-season\\\/#primaryimage\"},\"thumbnailUrl\":\"https:\\\/\\\/pragueartweek.cz\\\/wp-content\\\/uploads\\\/2024\\\/02\\\/Bienale_DSC02470-2-868x580-2.jpg\",\"articleSection\":[\"News\"],\"inLanguage\":\"en-US\"},{\"@type\":\"WebPage\",\"@id\":\"https:\\\/\\\/pragueartweek.cz\\\/en\\\/news\\\/paw-tip01-big-prague-galleries-open-the-season\\\/\",\"url\":\"https:\\\/\\\/pragueartweek.cz\\\/en\\\/news\\\/paw-tip01-big-prague-galleries-open-the-season\\\/\",\"name\":\"PAW TIP#01 Big Prague galleries open the season | Prague Art Week 26\",\"isPartOf\":{\"@id\":\"https:\\\/\\\/pragueartweek.cz\\\/en\\\/#website\"},\"primaryImageOfPage\":{\"@id\":\"https:\\\/\\\/pragueartweek.cz\\\/en\\\/news\\\/paw-tip01-big-prague-galleries-open-the-season\\\/#primaryimage\"},\"image\":{\"@id\":\"https:\\\/\\\/pragueartweek.cz\\\/en\\\/news\\\/paw-tip01-big-prague-galleries-open-the-season\\\/#primaryimage\"},\"thumbnailUrl\":\"https:\\\/\\\/pragueartweek.cz\\\/wp-content\\\/uploads\\\/2024\\\/02\\\/Bienale_DSC02470-2-868x580-2.jpg\",\"datePublished\":\"2024-02-12T14:20:26+00:00\",\"dateModified\":\"2024-02-16T11:43:22+00:00\",\"description\":\"Big Prague galleries open the season\",\"breadcrumb\":{\"@id\":\"https:\\\/\\\/pragueartweek.cz\\\/en\\\/news\\\/paw-tip01-big-prague-galleries-open-the-season\\\/#breadcrumb\"},\"inLanguage\":\"en-US\",\"potentialAction\":[{\"@type\":\"ReadAction\",\"target\":[\"https:\\\/\\\/pragueartweek.cz\\\/en\\\/news\\\/paw-tip01-big-prague-galleries-open-the-season\\\/\"]}]},{\"@type\":\"ImageObject\",\"inLanguage\":\"en-US\",\"@id\":\"https:\\\/\\\/pragueartweek.cz\\\/en\\\/news\\\/paw-tip01-big-prague-galleries-open-the-season\\\/#primaryimage\",\"url\":\"https:\\\/\\\/pragueartweek.cz\\\/wp-content\\\/uploads\\\/2024\\\/02\\\/Bienale_DSC02470-2-868x580-2.jpg\",\"contentUrl\":\"https:\\\/\\\/pragueartweek.cz\\\/wp-content\\\/uploads\\\/2024\\\/02\\\/Bienale_DSC02470-2-868x580-2.jpg\",\"width\":790,\"height\":580},{\"@type\":\"BreadcrumbList\",\"@id\":\"https:\\\/\\\/pragueartweek.cz\\\/en\\\/news\\\/paw-tip01-big-prague-galleries-open-the-season\\\/#breadcrumb\",\"itemListElement\":[{\"@type\":\"ListItem\",\"position\":1,\"name\":\"Home\",\"item\":\"https:\\\/\\\/pragueartweek.cz\\\/en\\\/\"},{\"@type\":\"ListItem\",\"position\":2,\"name\":\"News\",\"item\":\"https:\\\/\\\/pragueartweek.cz\\\/en\\\/news\\\/\"},{\"@type\":\"ListItem\",\"position\":3,\"name\":\"PAW TIP#01 Big Prague galleries open the season\"}]},{\"@type\":\"WebSite\",\"@id\":\"https:\\\/\\\/pragueartweek.cz\\\/en\\\/#website\",\"url\":\"https:\\\/\\\/pragueartweek.cz\\\/en\\\/\",\"name\":\"Prague Art Week 26\",\"description\":\"Prague Art Week je otev\u0159enou platformou pro kooperaci nejv\u00fdznamn\u011bj\u0161\u00edch instituc\u00ed na poli pra\u017esk\u00e9 um\u011bleck\u00e9 sc\u00e9ny.\",\"publisher\":{\"@id\":\"https:\\\/\\\/pragueartweek.cz\\\/en\\\/#organization\"},\"potentialAction\":[{\"@type\":\"SearchAction\",\"target\":{\"@type\":\"EntryPoint\",\"urlTemplate\":\"https:\\\/\\\/pragueartweek.cz\\\/en\\\/?s={search_term_string}\"},\"query-input\":{\"@type\":\"PropertyValueSpecification\",\"valueRequired\":true,\"valueName\":\"search_term_string\"}}],\"inLanguage\":\"en-US\"},{\"@type\":\"Organization\",\"@id\":\"https:\\\/\\\/pragueartweek.cz\\\/en\\\/#organization\",\"name\":\"Prague Art Week\",\"url\":\"https:\\\/\\\/pragueartweek.cz\\\/en\\\/\",\"logo\":{\"@type\":\"ImageObject\",\"inLanguage\":\"en-US\",\"@id\":\"https:\\\/\\\/pragueartweek.cz\\\/en\\\/#\\\/schema\\\/logo\\\/image\\\/\",\"url\":\"https:\\\/\\\/pragueartweek.cz\\\/wp-content\\\/uploads\\\/2022\\\/04\\\/LOGO_PAW_bez-roku-02.png\",\"contentUrl\":\"https:\\\/\\\/pragueartweek.cz\\\/wp-content\\\/uploads\\\/2022\\\/04\\\/LOGO_PAW_bez-roku-02.png\",\"width\":2481,\"height\":1749,\"caption\":\"Prague Art Week\"},\"image\":{\"@id\":\"https:\\\/\\\/pragueartweek.cz\\\/en\\\/#\\\/schema\\\/logo\\\/image\\\/\"},\"sameAs\":[\"https:\\\/\\\/www.facebook.com\\\/pragueartweek22\\\/\",\"https:\\\/\\\/www.instagram.com\\\/prague_art_week\\\/\"]},{\"@type\":\"Person\",\"@id\":\"https:\\\/\\\/pragueartweek.cz\\\/en\\\/#\\\/schema\\\/person\\\/15fbc1cb1e5ef2339129f3a7f895906f\",\"name\":\"Lenka Bake\u0161ov\u00e1\"}]}<\/script>\n<!-- \/ Yoast SEO plugin. -->","yoast_head_json":{"title":"PAW TIP#01 Big Prague galleries open the season | Prague Art Week 26","description":"Big Prague galleries open the season","robots":{"index":"index","follow":"follow","max-snippet":"max-snippet:-1","max-image-preview":"max-image-preview:large","max-video-preview":"max-video-preview:-1"},"canonical":"https:\/\/pragueartweek.cz\/en\/news\/paw-tip01-big-prague-galleries-open-the-season\/","og_locale":"en_US","og_type":"article","og_title":"PAW TIP#01 Big Prague galleries open the season | Prague Art Week 26","og_description":"Big Prague galleries open the season","og_url":"https:\/\/pragueartweek.cz\/en\/news\/paw-tip01-big-prague-galleries-open-the-season\/","og_site_name":"Prague Art Week 26","article_publisher":"https:\/\/www.facebook.com\/pragueartweek22\/","article_published_time":"2024-02-12T14:20:26+00:00","article_modified_time":"2024-02-16T11:43:22+00:00","og_image":[{"width":790,"height":580,"url":"https:\/\/pragueartweek.cz\/wp-content\/uploads\/2024\/02\/Bienale_DSC02470-2-868x580-2.jpg","type":"image\/jpeg"}],"author":"Lenka Bake\u0161ov\u00e1","twitter_card":"summary_large_image","twitter_misc":{"Written by":"Lenka Bake\u0161ov\u00e1","Est. reading time":"3 minutes"},"schema":{"@context":"https:\/\/schema.org","@graph":[{"@type":"Article","@id":"https:\/\/pragueartweek.cz\/en\/news\/paw-tip01-big-prague-galleries-open-the-season\/#article","isPartOf":{"@id":"https:\/\/pragueartweek.cz\/en\/news\/paw-tip01-big-prague-galleries-open-the-season\/"},"author":{"name":"Lenka Bake\u0161ov\u00e1","@id":"https:\/\/pragueartweek.cz\/en\/#\/schema\/person\/15fbc1cb1e5ef2339129f3a7f895906f"},"headline":"PAW TIP#01 Big Prague galleries open the season","datePublished":"2024-02-12T14:20:26+00:00","dateModified":"2024-02-16T11:43:22+00:00","mainEntityOfPage":{"@id":"https:\/\/pragueartweek.cz\/en\/news\/paw-tip01-big-prague-galleries-open-the-season\/"},"wordCount":436,"publisher":{"@id":"https:\/\/pragueartweek.cz\/en\/#organization"},"image":{"@id":"https:\/\/pragueartweek.cz\/en\/news\/paw-tip01-big-prague-galleries-open-the-season\/#primaryimage"},"thumbnailUrl":"https:\/\/pragueartweek.cz\/wp-content\/uploads\/2024\/02\/Bienale_DSC02470-2-868x580-2.jpg","articleSection":["News"],"inLanguage":"en-US"},{"@type":"WebPage","@id":"https:\/\/pragueartweek.cz\/en\/news\/paw-tip01-big-prague-galleries-open-the-season\/","url":"https:\/\/pragueartweek.cz\/en\/news\/paw-tip01-big-prague-galleries-open-the-season\/","name":"PAW TIP#01 Big Prague galleries open the season | Prague Art Week 26","isPartOf":{"@id":"https:\/\/pragueartweek.cz\/en\/#website"},"primaryImageOfPage":{"@id":"https:\/\/pragueartweek.cz\/en\/news\/paw-tip01-big-prague-galleries-open-the-season\/#primaryimage"},"image":{"@id":"https:\/\/pragueartweek.cz\/en\/news\/paw-tip01-big-prague-galleries-open-the-season\/#primaryimage"},"thumbnailUrl":"https:\/\/pragueartweek.cz\/wp-content\/uploads\/2024\/02\/Bienale_DSC02470-2-868x580-2.jpg","datePublished":"2024-02-12T14:20:26+00:00","dateModified":"2024-02-16T11:43:22+00:00","description":"Big Prague galleries open the season","breadcrumb":{"@id":"https:\/\/pragueartweek.cz\/en\/news\/paw-tip01-big-prague-galleries-open-the-season\/#breadcrumb"},"inLanguage":"en-US","potentialAction":[{"@type":"ReadAction","target":["https:\/\/pragueartweek.cz\/en\/news\/paw-tip01-big-prague-galleries-open-the-season\/"]}]},{"@type":"ImageObject","inLanguage":"en-US","@id":"https:\/\/pragueartweek.cz\/en\/news\/paw-tip01-big-prague-galleries-open-the-season\/#primaryimage","url":"https:\/\/pragueartweek.cz\/wp-content\/uploads\/2024\/02\/Bienale_DSC02470-2-868x580-2.jpg","contentUrl":"https:\/\/pragueartweek.cz\/wp-content\/uploads\/2024\/02\/Bienale_DSC02470-2-868x580-2.jpg","width":790,"height":580},{"@type":"BreadcrumbList","@id":"https:\/\/pragueartweek.cz\/en\/news\/paw-tip01-big-prague-galleries-open-the-season\/#breadcrumb","itemListElement":[{"@type":"ListItem","position":1,"name":"Home","item":"https:\/\/pragueartweek.cz\/en\/"},{"@type":"ListItem","position":2,"name":"News","item":"https:\/\/pragueartweek.cz\/en\/news\/"},{"@type":"ListItem","position":3,"name":"PAW TIP#01 Big Prague galleries open the season"}]},{"@type":"WebSite","@id":"https:\/\/pragueartweek.cz\/en\/#website","url":"https:\/\/pragueartweek.cz\/en\/","name":"Prague Art Week 26","description":"Prague Art Week je otev\u0159enou platformou pro kooperaci nejv\u00fdznamn\u011bj\u0161\u00edch instituc\u00ed na poli pra\u017esk\u00e9 um\u011bleck\u00e9 sc\u00e9ny.","publisher":{"@id":"https:\/\/pragueartweek.cz\/en\/#organization"},"potentialAction":[{"@type":"SearchAction","target":{"@type":"EntryPoint","urlTemplate":"https:\/\/pragueartweek.cz\/en\/?s={search_term_string}"},"query-input":{"@type":"PropertyValueSpecification","valueRequired":true,"valueName":"search_term_string"}}],"inLanguage":"en-US"},{"@type":"Organization","@id":"https:\/\/pragueartweek.cz\/en\/#organization","name":"Prague Art Week","url":"https:\/\/pragueartweek.cz\/en\/","logo":{"@type":"ImageObject","inLanguage":"en-US","@id":"https:\/\/pragueartweek.cz\/en\/#\/schema\/logo\/image\/","url":"https:\/\/pragueartweek.cz\/wp-content\/uploads\/2022\/04\/LOGO_PAW_bez-roku-02.png","contentUrl":"https:\/\/pragueartweek.cz\/wp-content\/uploads\/2022\/04\/LOGO_PAW_bez-roku-02.png","width":2481,"height":1749,"caption":"Prague Art Week"},"image":{"@id":"https:\/\/pragueartweek.cz\/en\/#\/schema\/logo\/image\/"},"sameAs":["https:\/\/www.facebook.com\/pragueartweek22\/","https:\/\/www.instagram.com\/prague_art_week\/"]},{"@type":"Person","@id":"https:\/\/pragueartweek.cz\/en\/#\/schema\/person\/15fbc1cb1e5ef2339129f3a7f895906f","name":"Lenka Bake\u0161ov\u00e1"}]}},"_links":{"self":[{"href":"https:\/\/pragueartweek.cz\/en\/wp-json\/wp\/v2\/posts\/6826","targetHints":{"allow":["GET"]}}],"collection":[{"href":"https:\/\/pragueartweek.cz\/en\/wp-json\/wp\/v2\/posts"}],"about":[{"href":"https:\/\/pragueartweek.cz\/en\/wp-json\/wp\/v2\/types\/post"}],"author":[{"embeddable":true,"href":"https:\/\/pragueartweek.cz\/en\/wp-json\/wp\/v2\/users\/3"}],"replies":[{"embeddable":true,"href":"https:\/\/pragueartweek.cz\/en\/wp-json\/wp\/v2\/comments?post=6826"}],"version-history":[{"count":3,"href":"https:\/\/pragueartweek.cz\/en\/wp-json\/wp\/v2\/posts\/6826\/revisions"}],"predecessor-version":[{"id":6862,"href":"https:\/\/pragueartweek.cz\/en\/wp-json\/wp\/v2\/posts\/6826\/revisions\/6862"}],"wp:featuredmedia":[{"embeddable":true,"href":"https:\/\/pragueartweek.cz\/en\/wp-json\/wp\/v2\/media\/6834"}],"wp:attachment":[{"href":"https:\/\/pragueartweek.cz\/en\/wp-json\/wp\/v2\/media?parent=6826"}],"wp:term":[{"taxonomy":"category","embeddable":true,"href":"https:\/\/pragueartweek.cz\/en\/wp-json\/wp\/v2\/categories?post=6826"},{"taxonomy":"post_tag","embeddable":true,"href":"https:\/\/pragueartweek.cz\/en\/wp-json\/wp\/v2\/tags?post=6826"}],"curies":[{"name":"wp","href":"https:\/\/api.w.org\/{rel}","templated":true}]}}