{"id":8192,"date":"2024-08-21T17:47:47","date_gmt":"2024-08-21T15:47:47","guid":{"rendered":"https:\/\/pragueartweek.cz\/?p=8192"},"modified":"2024-08-28T14:04:16","modified_gmt":"2024-08-28T12:04:16","slug":"prague-art-week24-programme-guide","status":"publish","type":"post","link":"https:\/\/pragueartweek.cz\/en\/news\/prague-art-week24-programme-guide\/","title":{"rendered":"PAW24 programme guide"},"content":{"rendered":"<p><strong>You can choose from the PAW24 programe by <a href=\"https:\/\/pragueartweek.cz\/udalosti\/\">type of event<\/a>, such as guided tours, performances, outdoor events or events for children. You can find the locations on the <a href=\"https:\/\/pragueartweek.cz\/mapa\/\">PAW24 map<\/a>. You can also plan your programe on <a href=\"https:\/\/pragueartweek.cz\/udalosti\/\">individual days<\/a>. And you can find our recommendations below.<\/strong><\/p>\n<p><b>Join us for the opening of PAW<\/b><b>24<\/b><b> on Thursday, 5 September at the DOX Centre for Contemporary Art<\/b><\/p>\n<p><span style=\"font-weight: 400;\">From 5 September, all participating galleries and other art venues will open to visitors. The opening ceremony of the festival will take place on 5 September at 7:00 p.m. at the DOX Centre for Contemporary Art, together with the opening of Josef Bolf\u2019s exhibition <\/span><i><span style=\"font-weight: 400;\">Melancholy of the Outer Limits<\/span><\/i><span style=\"font-weight: 400;\">. This solo exhibition by one of the foremost Czech painters brings the cathartic realization that the world around us is full of unknown depths and mysteries waiting to be discovered.<\/span><\/p>\n<p><b>This year the DOX Centre for Contemporary Art will also host the Superstudio<\/b><\/p>\n<p><span style=\"font-weight: 400;\">The program for professionals will take place from 4:00 p.m. to 6:45 p.m., and spaces are available with advanced reservation. It will present the workshops <\/span><i><span style=\"font-weight: 400;\">EDUcare \/ Breaking Down Stereotypes in Art<\/span><\/i><span style=\"font-weight: 400;\"> and <\/span><i><span style=\"font-weight: 400;\">EDUcare \/ Point of View<\/span><\/i><span style=\"font-weight: 400;\"> (in English), which are based on the programs of the educational department of the DOX Centre for Contemporary Art. This will be followed by two discussions: <\/span><i><span style=\"font-weight: 400;\">Art, Architecture, and Development<\/span><\/i><span style=\"font-weight: 400;\"> and <\/span><i><span style=\"font-weight: 400;\">Art Patrons<\/span><\/i><span style=\"font-weight: 400;\">. The conference program in the Superstudio will be available free of charge upon prior reservation. The program for professionals in the Superstudio will present two workshops and two thematic blocks, which will then be made available to watch on YouTube and on the festival website. The audience will have the opportunity to learn about repeated stereotypes in art, to gain insight into what identity is, to pose questions, together with professionals, about what kind of art belongs in the public space and how it can be positioned to make the implementation successful, or to listen to a conversation about the different forms of patronage in art.<\/span><\/p>\n<p><span style=\"font-weight: 400;\">The opening ceremony of PAW<\/span><span style=\"font-weight: 400;\">24<\/span><span style=\"font-weight: 400;\"> and the entire PAW<\/span><span style=\"font-weight: 400;\">24 <\/span><span style=\"font-weight: 400;\">program for the general public, including guided tours, accompanying events, and workshops, will be free of charge on selected dates and times. Information about the current program is available at pragueartweek.cz, in the PAW<\/span><span style=\"font-weight: 400;\">24 <\/span><span style=\"font-weight: 400;\">catalog, and in the magazine <\/span><i><span style=\"font-weight: 400;\">Art Antiques<\/span><\/i><span style=\"font-weight: 400;\">.<\/span><\/p>\n<p><b>A trip to the opening of PAW<\/b><b>24<\/b><b> can be conveniently combined with a visit to openings at nearby galleries in Prague 7<\/b><\/p>\n<p><span style=\"font-weight: 400;\">On Thursday afternoon at 5:00 p.m. the group exhibition <\/span><i><span style=\"font-weight: 400;\">Forest Families<\/span><\/i><span style=\"font-weight: 400;\"> will open at Berlinskej Model, featuring works by six international artists. The Chemistry Gallery, located in Hall 40 of the Hole\u0161ovice Market, will feature an exhibition by sculptor Ond\u0159ej Oliva and painter Jakub Uksa, and Hole\u0161ovick\u00e1 \u0161achta will host an exhibition project by Stanislav Z\u00e1brodsk\u00fd and Belgian artist Tom Hallet. The exhibition <\/span><i><span style=\"font-weight: 400;\">The Wandering Forest<\/span><\/i><span style=\"font-weight: 400;\"> by the Japanese painter, carver, and dancer Sota Sakuma opens at Bold Gallery at 6:00 p.m. Just across the Vltava, you can also visit the opening of Lenka Tyrpeklov\u00e1\u2019s exhibition at Galerie NoD and the nearby opening and guided tour of two artist projects by Ji\u0159\u00ed David and Daniela Mikul\u00e1\u0161kov\u00e1 at Etcetera Art, both from 6:00 p.m.<\/span><\/p>\n<p><b>On Friday, 6 September visit openings and exhibitions in the city center and galleries around Vinohrady<\/b><\/p>\n<p><span style=\"font-weight: 400;\">On the afternoon of 6 September, renowned gallery hunt kastner will open new exhibitions within the scope of Prague Art Week<\/span><span style=\"font-weight: 400;\">24<\/span><span style=\"font-weight: 400;\">, including an exhibition by Marie Tu\u010dkov\u00e1 exploring musical compositions and scores. Golden Ratio, a relatively new gallery in Prague, will present <\/span><i><span style=\"font-weight: 400;\">The Universal Language of Um\u011bn\u00ed<\/span><\/i><span style=\"font-weight: 400;\">, an exhibition that bridges Czech and American art together. Platforma 15 is planning a guided tour of their exhibition of painter Jakub Hub\u00e1lek.<\/span><\/p>\n<p><span style=\"font-weight: 400;\">On Friday, you can visit exhibitions of works by the old masters. In the city center, stop by the pre-auction exhibition <\/span><i><span style=\"font-weight: 400;\">Artslimit Online 8<\/span><\/i><span style=\"font-weight: 400;\"> at the KODL Gallery, which, in addition to classical works by renowned Czech artists such as V\u00e1clav \u0160p\u00e1la, V\u00e1clav Radimsk\u00fd, Olbram Zoubek, Emil Filla, and Josef J\u00edra, features selected pieces by Michaela \u010cerven\u00e1 and Anna Mart\u00ednkov\u00e1, who are part of the exhibition <\/span><i><span style=\"font-weight: 400;\">Young Selection<\/span><\/i><span style=\"font-weight: 400;\"> at the Savarin Palace. The auction house Dorotheum is commemorating the anniversary of Franz Kafka\u2019s death with a group exhibition of artists such as Emil Filla, Eugen von Kahler, and Anton\u00edn Slav\u00ed\u010dek. Galerie Zden\u011bk Sklen\u00e1\u0159 has prepared an exhibition in tribute to Franti\u0161ek Tich\u00fd.<\/span><\/p>\n<p><b>In addition to traditional galleries and art centers, the program of Prague Art Week<\/b><b>24<\/b><b> also includes unconventional locations for art. For the first time since its extensive reconstruction, the Savarin Palace will be open to the public and will come alive with art on 7 and 8 September. And for the second time, art will fill the former bank building on Jerusal\u00e9msk\u00e1 Street, where a major opening of several exhibitors will take place on Friday, 6 September at 5:00 p.m.<\/b><\/p>\n<p><span style=\"font-weight: 400;\">Last year, the festival organizers managed to place three exhibitions in a former bank building on Jerusal\u00e9msk\u00e1 Street. The combination of bizarre architecture and site-specific artistic interventions attracted six thousand visitors to the site in just three days. This year the festival is looking to repeat the successful exhibition venture and return art to the building, which is on loan from festival partner PSN. The venue will host three exhibitions, the first of which is Lud\u011bk Rathousk\u00fd\u2019s solo show <\/span><i><span style=\"font-weight: 400;\">Black Series<\/span><\/i><span style=\"font-weight: 400;\">. The Holec Contemporary Art Collection will also present a selection of its works in <\/span><i><span style=\"font-weight: 400;\">HCAC: An Introduction<\/span><\/i><span style=\"font-weight: 400;\">, featuring pieces by artists such as Damien Hirst, Lucie Jindr\u00e1k Sk\u0159iv\u00e1nkov\u00e1, Ji\u0159\u00ed Franta &amp; David B\u00f6hm, Vladimir 518, Julius Reichel, and others. The third exhibition is <\/span><i><span style=\"font-weight: 400;\">Flicker Type Fields<\/span><\/i><span style=\"font-weight: 400;\">, which will present a trio of progressive artists of the emerging generation.<\/span><\/p>\n<p><b>This year, the organizers have decided to expand the successful concept of housing art in currently unused buildings by adding a truly exclusive venue\u2014the Savarin Palace, located in the heart of Prague on Na P\u0159\u00edkop\u011b Street.<\/b> <b>The rococo hall on the first floor of the Savarin Palace will host an exhibition of works by ten young artists. Entitled <\/b><b><i>Young Selection<\/i><\/b><b>, the exhibition consists of paintings, sculptures, and glass objects by Dominik B\u011bhal, Petr Dejmek, Michaela \u010cerven\u00e1, Ester Paraskov\u00e1, Anna Ruth, Jan Schulz, Anna Martinkov\u00e1, Erika Velick\u00e1, Barbora Vovsov\u00e1, and Stanislav Z\u00e1brodsk\u00fd<\/b><span style=\"font-weight: 400;\">. The selection of these ten talented artists who have great potential and whose work bears following was decided by experts from among the organizers and festival partners: Lenka Bake\u0161ov\u00e1 on behalf of Prague Art Week, Alexandra B\u00edzkov\u00e1 and Adam Hnojil from the investment fund Pro arte, curators Jan Reindl and Eva Vele, the owner of the gallery KodlContemporary, Jakub Kodl, and Maty\u00e1\u0161 Kodl from Artslimit, who will also be including three works by selected artists in the autumn auction Artslimit Online 8.<\/span><\/p>\n<p><span style=\"font-weight: 400;\">On the ground floor of the Savarin Palace will be an exhibition of the glass masters Martin Janeck\u00fd and Rony Plesl and a neon installation by Michal \u0160kapa, presented by KodlContemporary. There will also be a site-specific installation of several design pieces by THE DESIGN, inviting visitors to have a pleasant stay in the atrium of the palace and enjoy a free coffee prepared by the official coffee distributor of PAW<\/span><span style=\"font-weight: 400;\">24<\/span><span style=\"font-weight: 400;\">, De\u2019Longhi.<\/span><\/p>\n<p><span style=\"font-weight: 400;\">The exhibition can be visited on 7 and 8 September from 10:00 a.m. to 6:00 p.m. with a prior reservation made online at <\/span><a href=\"https:\/\/pragueartweek.cz\/en\/\"><span style=\"font-weight: 400;\">pragueartweek.cz<\/span><\/a><span style=\"font-weight: 400;\"> or on site. PAWPASS holders will be able to enjoy the exhibition two days earlier, on 5 and 6 September. The auction of selected works by Michaela \u010cerven\u00e1 and Anna Martinkov\u00e1 will run throughout the duration of the exhibition and will culminate on 22 September 2024 at <\/span><a href=\"https:\/\/www.artslimit.com\/en\"><span style=\"font-weight: 400;\">artslimit.com<\/span><\/a><span style=\"font-weight: 400;\">.<\/span><\/p>\n<p><b>New solo and group exhibitions in Prague galleries<\/b><\/p>\n<p><span style=\"font-weight: 400;\">Aia Contemporary will be presenting South Korean artist NADi for the first time ever in Prague. Young artist Maatty is an autistic person who lives in his own world and creates imaginary maps, which will be on display in the vestibule of the metro station Muzeum. SV\u011aTOVA 1, in collaboration with the Society for Queer Memory, will be presenting a solo exhibition by Polish artist Karol Radziszewski. MeetFactory will be hosting an exhibition in which five international artists relate to transfuturism as an emancipatory artistic genre as well as an exhibition of works by Olbram Pavl\u00ed\u010dek in the Kostka Gallery. SmetanaQ will present the group exhibition <\/span><i><span style=\"font-weight: 400;\">Reload<\/span><\/i><span style=\"font-weight: 400;\">. A project by a number of artists entitled <\/span><i><span style=\"font-weight: 400;\">Post-hearing____Post-listening<\/span><\/i><span style=\"font-weight: 400;\"> can be found at GAMU, while Galerie Portheimka will present an extensive group exhibition, featuring works by more than fifty students and graduates of the Drawing Studio of the Academy of Fine Arts in Prague. At Opero you can visit an exhibition of Radek Bodzewicz and Filip Dvo\u0159\u00e1k during guided tours with the Art Part Club. The Emblem Hotel is presenting selected works from its collection, supplemented by artists recommended by the EduArt Advisory Board. An interactive performance by Ledet will take place at Kampus Hybernsk\u00e1, where there will also be an all-day lounge with DJs and refreshments on Friday.<\/span><\/p>\n<p><b>From Friday to Sunday, 6\u20138 September<\/b> <b>you can check out unusual events, workshops for children, and free programs in major institutions<\/b><\/p>\n<p><span style=\"font-weight: 400;\">On Friday starting at 1:00 p.m. the Prague City Gallery\u2019s Eco-Studio at Troja Ch\u00e2teau will host a workshop designed for visitors of all ages. At 5:00 p.m. Kunsthalle Praha is offering a guided \u201cdouble tour\u201d of the Lucia Moholy retrospective<\/span><i><span style=\"font-weight: 400;\"> Exposures<\/span><\/i><span style=\"font-weight: 400;\"> and Ester Geislerov\u00e1\u2019s exhibition<\/span><i><span style=\"font-weight: 400;\"> What We Should\u2019ve Said but Didn\u2019t<\/span><\/i><span style=\"font-weight: 400;\">. While there, you can also see a video installation by the world-famous Jon Rafman, which consists of a collection of shots from Google Street View. On Saturday afternoon at 2:00 p.m. the DOX Centre for Contemporary Art will host a creative family art workshop called Coffee with Kafka, which is connected with the exhibition <\/span><i><span style=\"font-weight: 400;\">KAFKAesque<\/span><\/i><span style=\"font-weight: 400;\">. At 3:00 p.m. the National Gallery Prague will offer a free guided tour of the international group exhibition <\/span><i><span style=\"font-weight: 400;\">No Feeling Is Final. The Skopje Solidarity Collection<\/span><\/i><span style=\"font-weight: 400;\"> as well as a tour of the Biennale Matter of Art, followed by the discussion <\/span><i><span style=\"font-weight: 400;\">From the Streets to Instagram. How Has Politics Changed in Art?<\/span><\/i><span style=\"font-weight: 400;\"> at 4:00 p.m. On Saturday visitors can enjoy free admission to the exhibition <\/span><i><span style=\"font-weight: 400;\">Art of Books<\/span><\/i><span style=\"font-weight: 400;\"> at the Royal Summer Palace at Prague Castle, with a guided tour at 5:00 p.m. The opening of the exhibition <\/span><i><span style=\"font-weight: 400;\">Housing Standard<\/span><\/i><span style=\"font-weight: 400;\"> at Sotheby\u2019s International Realty will take place at 6:00 p.m. At any time during the festival you can visit the Odkolekce open-air art collection created by leading Czech sculptors and painters in the newly constructed housing development Vyso\u010dany Mill.<\/span><\/p>\n<p><span style=\"font-weight: 400;\">On Sunday at 2:00 p.m. Galerie Rudolfinum will host a calligram workshop to go with the exhibition of British artist Anthony Gormley and Czech poet Pavla Melkov\u00e1. At 2:00 p.m. Museum Kampa will have a workshop for children inspired by artists from their collection as well as a guided tour of Vojt\u011bch Kova\u0159\u00edk\u2019s exhibition <\/span><i><span style=\"font-weight: 400;\">From Lines to Matter<\/span><\/i><span style=\"font-weight: 400;\">. From 1:00 to 6:00&nbsp;p.m. PAW visitors can take a peek into the art studios of Ji\u0159\u00ed Pitrmuc, Alex Selmeci &amp; Tom\u00e1\u0161 Kocka Jusko, Nat\u00e1lia S\u00fdkorov\u00e1, and Jakub Choma at \u010cernokosteleck\u00e1 90 in Prague 10. At 4:00 p.m. Kunsthalle Praha will host <\/span><i><span style=\"font-weight: 400;\">KunstKino: Viva Video, Video Viva<\/span><\/i><span style=\"font-weight: 400;\">, followed by a discussion with Ad\u00e9la Komrz\u00fd, Ester Geislerov\u00e1, and V\u011bra Geislerov\u00e1.<\/span><\/p>\n<p><span style=\"font-weight: 400;\">Sunday evening will be capped off with the Meda Ml\u00e1dkov\u00e1 Art Prize Ceremony at Museum Kampa at 6:30 p.m., and then the entire Prague Art Week<\/span><span style=\"font-weight: 400;\">24<\/span><span style=\"font-weight: 400;\"> festival will conclude with a double concert by Sifon (WWW) and AidKid in David B\u00f6hm and Ji\u0159\u00ed Franta\u2019s exhibition <\/span><i><span style=\"font-weight: 400;\">Fabulant<\/span><\/i><span style=\"font-weight: 400;\"> at the Prague City Gallery\u2019s House of Photography. During the concert and all day Sunday the exhibition will have a symbolic admission price of 1 CZK.<\/span><\/p>\n<p><span style=\"font-weight: 400;\">Prague Art Week includes a rich program of lectures, debates, and educational guided tours for the general public, which will be complemented by VIP events allowing the public to discover the diversity of the Prague art scene. You can join the PAW<\/span><span style=\"font-weight: 400;\">24<\/span><span style=\"font-weight: 400;\"> event on the Prague Art Week<\/span><span style=\"font-weight: 400;\">24<\/span> <a href=\"https:\/\/fb.me\/e\/4jI6MfYBS\"><span style=\"font-weight: 400;\">Facebook page<\/span><\/a><span style=\"font-weight: 400;\">, get regular information about the program in our <\/span><a href=\"https:\/\/pragueartweek.cz\/en\/contact\/\"><span style=\"font-weight: 400;\">newsletter<\/span><\/a><span style=\"font-weight: 400;\">, and connect with us on <\/span><a href=\"https:\/\/www.instagram.com\/prague_art_week\/\"><span style=\"font-weight: 400;\">Instagram<\/span><\/a><span style=\"font-weight: 400;\"> and <\/span><a href=\"https:\/\/www.linkedin.com\/company\/prague-art-week\/\"><span style=\"font-weight: 400;\">LinkedIn<\/span><\/a><span style=\"font-weight: 400;\">.<\/span><\/p>\n","protected":false},"excerpt":{"rendered":"<p>You can choose from the PAW24 programe by type of event, such as guided tours, performances, outdoor events or events for children. You can find the locations on the PAW24 map. You can also plan your programe on individual days. And you can find our recommendations below. Join us for the opening of PAW24 on&#8230; <a class=\"view-article\" href=\"https:\/\/pragueartweek.cz\/en\/news\/prague-art-week24-programme-guide\/\">View Article<\/a><\/p>\n","protected":false},"author":3,"featured_media":8186,"comment_status":"closed","ping_status":"closed","sticky":false,"template":"","format":"standard","meta":{"_acf_changed":false,"footnotes":""},"categories":[282],"tags":[],"class_list":["post-8192","post","type-post","status-publish","format-standard","has-post-thumbnail","hentry","category-news","wpautop"],"acf":{"photo_gallery":{"prispevek_galerie":[[{"id":8186,"title":"PAW23_ Odkolekce foto_ Jakub C\u030cervenka","caption":"","full_image_url":"https:\/\/pragueartweek.cz\/wp-content\/uploads\/2024\/08\/PAW23_-Odkolekce-foto_-Jakub-Cervenka.jpg","thumbnail_image_url":"https:\/\/pragueartweek.cz\/wp-content\/uploads\/2024\/08\/PAW23_-Odkolekce-foto_-Jakub-Cervenka-450x330.jpg","large_srcset":"https:\/\/pragueartweek.cz\/wp-content\/uploads\/2024\/08\/PAW23_-Odkolekce-foto_-Jakub-Cervenka-1800x1320.jpg 1800w, https:\/\/pragueartweek.cz\/wp-content\/uploads\/2024\/08\/PAW23_-Odkolekce-foto_-Jakub-Cervenka-900x660.jpg 900w, https:\/\/pragueartweek.cz\/wp-content\/uploads\/2024\/08\/PAW23_-Odkolekce-foto_-Jakub-Cervenka-450x330.jpg 450w, https:\/\/pragueartweek.cz\/wp-content\/uploads\/2024\/08\/PAW23_-Odkolekce-foto_-Jakub-Cervenka-768x563.jpg 768w, https:\/\/pragueartweek.cz\/wp-content\/uploads\/2024\/08\/PAW23_-Odkolekce-foto_-Jakub-Cervenka-1536x1127.jpg 1536w, https:\/\/pragueartweek.cz\/wp-content\/uploads\/2024\/08\/PAW23_-Odkolekce-foto_-Jakub-Cervenka.jpg 1861w","medium_srcset":"https:\/\/pragueartweek.cz\/wp-content\/uploads\/2024\/08\/PAW23_-Odkolekce-foto_-Jakub-Cervenka-900x660.jpg 900w, https:\/\/pragueartweek.cz\/wp-content\/uploads\/2024\/08\/PAW23_-Odkolekce-foto_-Jakub-Cervenka-1800x1320.jpg 1800w, https:\/\/pragueartweek.cz\/wp-content\/uploads\/2024\/08\/PAW23_-Odkolekce-foto_-Jakub-Cervenka-450x330.jpg 450w, https:\/\/pragueartweek.cz\/wp-content\/uploads\/2024\/08\/PAW23_-Odkolekce-foto_-Jakub-Cervenka-768x563.jpg 768w, https:\/\/pragueartweek.cz\/wp-content\/uploads\/2024\/08\/PAW23_-Odkolekce-foto_-Jakub-Cervenka-1536x1127.jpg 1536w, https:\/\/pragueartweek.cz\/wp-content\/uploads\/2024\/08\/PAW23_-Odkolekce-foto_-Jakub-Cervenka.jpg 1861w","media_details":{"width":1861,"height":1365,"sizes":{"medium":{"file":"PAW23_-Odkolekce-foto_-Jakub-Cervenka-900x660.jpg","width":900,"height":660,"mime-type":"image\/jpeg","filesize":191783,"source_url":"https:\/\/pragueartweek.cz\/wp-content\/uploads\/2024\/08\/PAW23_-Odkolekce-foto_-Jakub-Cervenka-900x660.jpg"},"large":{"file":"PAW23_-Odkolekce-foto_-Jakub-Cervenka-1800x1320.jpg","width":1800,"height":1320,"mime-type":"image\/jpeg","filesize":536020,"source_url":"https:\/\/pragueartweek.cz\/wp-content\/uploads\/2024\/08\/PAW23_-Odkolekce-foto_-Jakub-Cervenka-1800x1320.jpg"},"thumbnail":{"file":"PAW23_-Odkolekce-foto_-Jakub-Cervenka-450x330.jpg","width":450,"height":330,"mime-type":"image\/jpeg","filesize":74199,"source_url":"https:\/\/pragueartweek.cz\/wp-content\/uploads\/2024\/08\/PAW23_-Odkolekce-foto_-Jakub-Cervenka-450x330.jpg"},"medium_large":{"file":"PAW23_-Odkolekce-foto_-Jakub-Cervenka-768x563.jpg","width":768,"height":563,"mime-type":"image\/jpeg","filesize":152090,"source_url":"https:\/\/pragueartweek.cz\/wp-content\/uploads\/2024\/08\/PAW23_-Odkolekce-foto_-Jakub-Cervenka-768x563.jpg"},"1536x1536":{"file":"PAW23_-Odkolekce-foto_-Jakub-Cervenka-1536x1127.jpg","width":1536,"height":1127,"mime-type":"image\/jpeg","filesize":420683,"source_url":"https:\/\/pragueartweek.cz\/wp-content\/uploads\/2024\/08\/PAW23_-Odkolekce-foto_-Jakub-Cervenka-1536x1127.jpg"},"cmplz_banner_image":{"file":"PAW23_-Odkolekce-foto_-Jakub-Cervenka-350x100.jpg","width":350,"height":100,"mime-type":"image\/jpeg","filesize":34406,"source_url":"https:\/\/pragueartweek.cz\/wp-content\/uploads\/2024\/08\/PAW23_-Odkolekce-foto_-Jakub-Cervenka-350x100.jpg"}}},"alt_text":"","url":"","target":""},{"id":8184,"title":"PAW23 Superstudio & Zaha\u0301jeni\u0301. foto_ Jakub C\u030cervenka","caption":"","full_image_url":"https:\/\/pragueartweek.cz\/wp-content\/uploads\/2024\/08\/PAW23-Superstudio-Zahajeni.-foto_-Jakub-Cervenka-1.jpg","thumbnail_image_url":"https:\/\/pragueartweek.cz\/wp-content\/uploads\/2024\/08\/PAW23-Superstudio-Zahajeni.-foto_-Jakub-Cervenka-1-450x330.jpg","large_srcset":"https:\/\/pragueartweek.cz\/wp-content\/uploads\/2024\/08\/PAW23-Superstudio-Zahajeni.-foto_-Jakub-Cervenka-1-1800x1320.jpg 1800w, https:\/\/pragueartweek.cz\/wp-content\/uploads\/2024\/08\/PAW23-Superstudio-Zahajeni.-foto_-Jakub-Cervenka-1-900x660.jpg 900w, https:\/\/pragueartweek.cz\/wp-content\/uploads\/2024\/08\/PAW23-Superstudio-Zahajeni.-foto_-Jakub-Cervenka-1-450x330.jpg 450w, https:\/\/pragueartweek.cz\/wp-content\/uploads\/2024\/08\/PAW23-Superstudio-Zahajeni.-foto_-Jakub-Cervenka-1-768x563.jpg 768w, https:\/\/pragueartweek.cz\/wp-content\/uploads\/2024\/08\/PAW23-Superstudio-Zahajeni.-foto_-Jakub-Cervenka-1-1536x1126.jpg 1536w, https:\/\/pragueartweek.cz\/wp-content\/uploads\/2024\/08\/PAW23-Superstudio-Zahajeni.-foto_-Jakub-Cervenka-1.jpg 1862w","medium_srcset":"https:\/\/pragueartweek.cz\/wp-content\/uploads\/2024\/08\/PAW23-Superstudio-Zahajeni.-foto_-Jakub-Cervenka-1-900x660.jpg 900w, https:\/\/pragueartweek.cz\/wp-content\/uploads\/2024\/08\/PAW23-Superstudio-Zahajeni.-foto_-Jakub-Cervenka-1-1800x1320.jpg 1800w, https:\/\/pragueartweek.cz\/wp-content\/uploads\/2024\/08\/PAW23-Superstudio-Zahajeni.-foto_-Jakub-Cervenka-1-450x330.jpg 450w, https:\/\/pragueartweek.cz\/wp-content\/uploads\/2024\/08\/PAW23-Superstudio-Zahajeni.-foto_-Jakub-Cervenka-1-768x563.jpg 768w, https:\/\/pragueartweek.cz\/wp-content\/uploads\/2024\/08\/PAW23-Superstudio-Zahajeni.-foto_-Jakub-Cervenka-1-1536x1126.jpg 1536w, https:\/\/pragueartweek.cz\/wp-content\/uploads\/2024\/08\/PAW23-Superstudio-Zahajeni.-foto_-Jakub-Cervenka-1.jpg 1862w","media_details":{"width":1862,"height":1365,"sizes":{"medium":{"file":"PAW23-Superstudio-Zahajeni.-foto_-Jakub-Cervenka-1-900x660.jpg","width":900,"height":660,"mime-type":"image\/jpeg","filesize":79237,"source_url":"https:\/\/pragueartweek.cz\/wp-content\/uploads\/2024\/08\/PAW23-Superstudio-Zahajeni.-foto_-Jakub-Cervenka-1-900x660.jpg"},"large":{"file":"PAW23-Superstudio-Zahajeni.-foto_-Jakub-Cervenka-1-1800x1320.jpg","width":1800,"height":1320,"mime-type":"image\/jpeg","filesize":205624,"source_url":"https:\/\/pragueartweek.cz\/wp-content\/uploads\/2024\/08\/PAW23-Superstudio-Zahajeni.-foto_-Jakub-Cervenka-1-1800x1320.jpg"},"thumbnail":{"file":"PAW23-Superstudio-Zahajeni.-foto_-Jakub-Cervenka-1-450x330.jpg","width":450,"height":330,"mime-type":"image\/jpeg","filesize":40653,"source_url":"https:\/\/pragueartweek.cz\/wp-content\/uploads\/2024\/08\/PAW23-Superstudio-Zahajeni.-foto_-Jakub-Cervenka-1-450x330.jpg"},"medium_large":{"file":"PAW23-Superstudio-Zahajeni.-foto_-Jakub-Cervenka-1-768x563.jpg","width":768,"height":563,"mime-type":"image\/jpeg","filesize":66422,"source_url":"https:\/\/pragueartweek.cz\/wp-content\/uploads\/2024\/08\/PAW23-Superstudio-Zahajeni.-foto_-Jakub-Cervenka-1-768x563.jpg"},"1536x1536":{"file":"PAW23-Superstudio-Zahajeni.-foto_-Jakub-Cervenka-1-1536x1126.jpg","width":1536,"height":1126,"mime-type":"image\/jpeg","filesize":159287,"source_url":"https:\/\/pragueartweek.cz\/wp-content\/uploads\/2024\/08\/PAW23-Superstudio-Zahajeni.-foto_-Jakub-Cervenka-1-1536x1126.jpg"},"cmplz_banner_image":{"file":"PAW23-Superstudio-Zahajeni.-foto_-Jakub-Cervenka-1-350x100.jpg","width":350,"height":100,"mime-type":"image\/jpeg","filesize":25050,"source_url":"https:\/\/pragueartweek.cz\/wp-content\/uploads\/2024\/08\/PAW23-Superstudio-Zahajeni.-foto_-Jakub-Cervenka-1-350x100.jpg"}}},"alt_text":"","url":"","target":""}]]}},"yoast_head":"<!-- This site is optimized with the Yoast SEO plugin v27.4 - https:\/\/yoast.com\/product\/yoast-seo-wordpress\/ -->\n<title>PAW24 programme guide | Prague Art Week 26<\/title>\n<meta name=\"description\" content=\"The international art festival Prague Art Week24 invites you to explore unique works of art, meet artists, discuss themes, and learn from professionals in the Superstudio. You will find exhibitions, guided tours, and other accompanying events in forty galleries all over Prague, which will be open to the general public free of charge on designated dates and times.\" \/>\n<meta name=\"robots\" content=\"index, follow, max-snippet:-1, max-image-preview:large, max-video-preview:-1\" \/>\n<link rel=\"canonical\" href=\"https:\/\/pragueartweek.cz\/en\/news\/prague-art-week24-programme-guide\/\" \/>\n<meta property=\"og:locale\" content=\"en_US\" \/>\n<meta property=\"og:type\" content=\"article\" \/>\n<meta property=\"og:title\" content=\"PAW24 programme guide | Prague Art Week 26\" \/>\n<meta property=\"og:description\" content=\"The international art festival Prague Art Week24 invites you to explore unique works of art, meet artists, discuss themes, and learn from professionals in the Superstudio. You will find exhibitions, guided tours, and other accompanying events in forty galleries all over Prague, which will be open to the general public free of charge on designated dates and times.\" \/>\n<meta property=\"og:url\" content=\"https:\/\/pragueartweek.cz\/en\/news\/prague-art-week24-programme-guide\/\" \/>\n<meta property=\"og:site_name\" content=\"Prague Art Week 26\" \/>\n<meta property=\"article:publisher\" content=\"https:\/\/www.facebook.com\/pragueartweek22\/\" \/>\n<meta property=\"article:published_time\" content=\"2024-08-21T15:47:47+00:00\" \/>\n<meta property=\"article:modified_time\" content=\"2024-08-28T12:04:16+00:00\" \/>\n<meta property=\"og:image\" content=\"https:\/\/pragueartweek.cz\/wp-content\/uploads\/2024\/08\/PAW23_-Odkolekce-foto_-Jakub-Cervenka.jpg\" \/>\n\t<meta property=\"og:image:width\" content=\"1861\" \/>\n\t<meta property=\"og:image:height\" content=\"1365\" \/>\n\t<meta property=\"og:image:type\" content=\"image\/jpeg\" \/>\n<meta name=\"author\" content=\"Lenka Bake\u0161ov\u00e1\" \/>\n<meta name=\"twitter:card\" content=\"summary_large_image\" \/>\n<meta name=\"twitter:label1\" content=\"Written by\" \/>\n\t<meta name=\"twitter:data1\" content=\"Lenka Bake\u0161ov\u00e1\" \/>\n\t<meta name=\"twitter:label2\" content=\"Est. reading time\" \/>\n\t<meta name=\"twitter:data2\" content=\"13 minutes\" \/>\n<script type=\"application\/ld+json\" class=\"yoast-schema-graph\">{\"@context\":\"https:\\\/\\\/schema.org\",\"@graph\":[{\"@type\":\"Article\",\"@id\":\"https:\\\/\\\/pragueartweek.cz\\\/en\\\/news\\\/prague-art-week24-programme-guide\\\/#article\",\"isPartOf\":{\"@id\":\"https:\\\/\\\/pragueartweek.cz\\\/en\\\/news\\\/prague-art-week24-programme-guide\\\/\"},\"author\":{\"name\":\"Lenka Bake\u0161ov\u00e1\",\"@id\":\"https:\\\/\\\/pragueartweek.cz\\\/en\\\/#\\\/schema\\\/person\\\/15fbc1cb1e5ef2339129f3a7f895906f\"},\"headline\":\"PAW24 programme guide\",\"datePublished\":\"2024-08-21T15:47:47+00:00\",\"dateModified\":\"2024-08-28T12:04:16+00:00\",\"mainEntityOfPage\":{\"@id\":\"https:\\\/\\\/pragueartweek.cz\\\/en\\\/news\\\/prague-art-week24-programme-guide\\\/\"},\"wordCount\":2035,\"publisher\":{\"@id\":\"https:\\\/\\\/pragueartweek.cz\\\/en\\\/#organization\"},\"image\":{\"@id\":\"https:\\\/\\\/pragueartweek.cz\\\/en\\\/news\\\/prague-art-week24-programme-guide\\\/#primaryimage\"},\"thumbnailUrl\":\"https:\\\/\\\/pragueartweek.cz\\\/wp-content\\\/uploads\\\/2024\\\/08\\\/PAW23_-Odkolekce-foto_-Jakub-Cervenka.jpg\",\"articleSection\":[\"News\"],\"inLanguage\":\"en-US\"},{\"@type\":\"WebPage\",\"@id\":\"https:\\\/\\\/pragueartweek.cz\\\/en\\\/news\\\/prague-art-week24-programme-guide\\\/\",\"url\":\"https:\\\/\\\/pragueartweek.cz\\\/en\\\/news\\\/prague-art-week24-programme-guide\\\/\",\"name\":\"PAW24 programme guide | Prague Art Week 26\",\"isPartOf\":{\"@id\":\"https:\\\/\\\/pragueartweek.cz\\\/en\\\/#website\"},\"primaryImageOfPage\":{\"@id\":\"https:\\\/\\\/pragueartweek.cz\\\/en\\\/news\\\/prague-art-week24-programme-guide\\\/#primaryimage\"},\"image\":{\"@id\":\"https:\\\/\\\/pragueartweek.cz\\\/en\\\/news\\\/prague-art-week24-programme-guide\\\/#primaryimage\"},\"thumbnailUrl\":\"https:\\\/\\\/pragueartweek.cz\\\/wp-content\\\/uploads\\\/2024\\\/08\\\/PAW23_-Odkolekce-foto_-Jakub-Cervenka.jpg\",\"datePublished\":\"2024-08-21T15:47:47+00:00\",\"dateModified\":\"2024-08-28T12:04:16+00:00\",\"description\":\"The international art festival Prague Art Week24 invites you to explore unique works of art, meet artists, discuss themes, and learn from professionals in the Superstudio. You will find exhibitions, guided tours, and other accompanying events in forty galleries all over Prague, which will be open to the general public free of charge on designated dates and times.\",\"breadcrumb\":{\"@id\":\"https:\\\/\\\/pragueartweek.cz\\\/en\\\/news\\\/prague-art-week24-programme-guide\\\/#breadcrumb\"},\"inLanguage\":\"en-US\",\"potentialAction\":[{\"@type\":\"ReadAction\",\"target\":[\"https:\\\/\\\/pragueartweek.cz\\\/en\\\/news\\\/prague-art-week24-programme-guide\\\/\"]}]},{\"@type\":\"ImageObject\",\"inLanguage\":\"en-US\",\"@id\":\"https:\\\/\\\/pragueartweek.cz\\\/en\\\/news\\\/prague-art-week24-programme-guide\\\/#primaryimage\",\"url\":\"https:\\\/\\\/pragueartweek.cz\\\/wp-content\\\/uploads\\\/2024\\\/08\\\/PAW23_-Odkolekce-foto_-Jakub-Cervenka.jpg\",\"contentUrl\":\"https:\\\/\\\/pragueartweek.cz\\\/wp-content\\\/uploads\\\/2024\\\/08\\\/PAW23_-Odkolekce-foto_-Jakub-Cervenka.jpg\",\"width\":1861,\"height\":1365},{\"@type\":\"BreadcrumbList\",\"@id\":\"https:\\\/\\\/pragueartweek.cz\\\/en\\\/news\\\/prague-art-week24-programme-guide\\\/#breadcrumb\",\"itemListElement\":[{\"@type\":\"ListItem\",\"position\":1,\"name\":\"Home\",\"item\":\"https:\\\/\\\/pragueartweek.cz\\\/en\\\/\"},{\"@type\":\"ListItem\",\"position\":2,\"name\":\"News\",\"item\":\"https:\\\/\\\/pragueartweek.cz\\\/en\\\/news\\\/\"},{\"@type\":\"ListItem\",\"position\":3,\"name\":\"PAW24 programme guide\"}]},{\"@type\":\"WebSite\",\"@id\":\"https:\\\/\\\/pragueartweek.cz\\\/en\\\/#website\",\"url\":\"https:\\\/\\\/pragueartweek.cz\\\/en\\\/\",\"name\":\"Prague Art Week 26\",\"description\":\"Prague Art Week je otev\u0159enou platformou pro kooperaci nejv\u00fdznamn\u011bj\u0161\u00edch instituc\u00ed na poli pra\u017esk\u00e9 um\u011bleck\u00e9 sc\u00e9ny.\",\"publisher\":{\"@id\":\"https:\\\/\\\/pragueartweek.cz\\\/en\\\/#organization\"},\"potentialAction\":[{\"@type\":\"SearchAction\",\"target\":{\"@type\":\"EntryPoint\",\"urlTemplate\":\"https:\\\/\\\/pragueartweek.cz\\\/en\\\/?s={search_term_string}\"},\"query-input\":{\"@type\":\"PropertyValueSpecification\",\"valueRequired\":true,\"valueName\":\"search_term_string\"}}],\"inLanguage\":\"en-US\"},{\"@type\":\"Organization\",\"@id\":\"https:\\\/\\\/pragueartweek.cz\\\/en\\\/#organization\",\"name\":\"Prague Art Week\",\"url\":\"https:\\\/\\\/pragueartweek.cz\\\/en\\\/\",\"logo\":{\"@type\":\"ImageObject\",\"inLanguage\":\"en-US\",\"@id\":\"https:\\\/\\\/pragueartweek.cz\\\/en\\\/#\\\/schema\\\/logo\\\/image\\\/\",\"url\":\"https:\\\/\\\/pragueartweek.cz\\\/wp-content\\\/uploads\\\/2022\\\/04\\\/LOGO_PAW_bez-roku-02.png\",\"contentUrl\":\"https:\\\/\\\/pragueartweek.cz\\\/wp-content\\\/uploads\\\/2022\\\/04\\\/LOGO_PAW_bez-roku-02.png\",\"width\":2481,\"height\":1749,\"caption\":\"Prague Art Week\"},\"image\":{\"@id\":\"https:\\\/\\\/pragueartweek.cz\\\/en\\\/#\\\/schema\\\/logo\\\/image\\\/\"},\"sameAs\":[\"https:\\\/\\\/www.facebook.com\\\/pragueartweek22\\\/\",\"https:\\\/\\\/www.instagram.com\\\/prague_art_week\\\/\"]},{\"@type\":\"Person\",\"@id\":\"https:\\\/\\\/pragueartweek.cz\\\/en\\\/#\\\/schema\\\/person\\\/15fbc1cb1e5ef2339129f3a7f895906f\",\"name\":\"Lenka Bake\u0161ov\u00e1\"}]}<\/script>\n<!-- \/ Yoast SEO plugin. -->","yoast_head_json":{"title":"PAW24 programme guide | Prague Art Week 26","description":"The international art festival Prague Art Week24 invites you to explore unique works of art, meet artists, discuss themes, and learn from professionals in the Superstudio. You will find exhibitions, guided tours, and other accompanying events in forty galleries all over Prague, which will be open to the general public free of charge on designated dates and times.","robots":{"index":"index","follow":"follow","max-snippet":"max-snippet:-1","max-image-preview":"max-image-preview:large","max-video-preview":"max-video-preview:-1"},"canonical":"https:\/\/pragueartweek.cz\/en\/news\/prague-art-week24-programme-guide\/","og_locale":"en_US","og_type":"article","og_title":"PAW24 programme guide | Prague Art Week 26","og_description":"The international art festival Prague Art Week24 invites you to explore unique works of art, meet artists, discuss themes, and learn from professionals in the Superstudio. You will find exhibitions, guided tours, and other accompanying events in forty galleries all over Prague, which will be open to the general public free of charge on designated dates and times.","og_url":"https:\/\/pragueartweek.cz\/en\/news\/prague-art-week24-programme-guide\/","og_site_name":"Prague Art Week 26","article_publisher":"https:\/\/www.facebook.com\/pragueartweek22\/","article_published_time":"2024-08-21T15:47:47+00:00","article_modified_time":"2024-08-28T12:04:16+00:00","og_image":[{"width":1861,"height":1365,"url":"https:\/\/pragueartweek.cz\/wp-content\/uploads\/2024\/08\/PAW23_-Odkolekce-foto_-Jakub-Cervenka.jpg","type":"image\/jpeg"}],"author":"Lenka Bake\u0161ov\u00e1","twitter_card":"summary_large_image","twitter_misc":{"Written by":"Lenka Bake\u0161ov\u00e1","Est. reading time":"13 minutes"},"schema":{"@context":"https:\/\/schema.org","@graph":[{"@type":"Article","@id":"https:\/\/pragueartweek.cz\/en\/news\/prague-art-week24-programme-guide\/#article","isPartOf":{"@id":"https:\/\/pragueartweek.cz\/en\/news\/prague-art-week24-programme-guide\/"},"author":{"name":"Lenka Bake\u0161ov\u00e1","@id":"https:\/\/pragueartweek.cz\/en\/#\/schema\/person\/15fbc1cb1e5ef2339129f3a7f895906f"},"headline":"PAW24 programme guide","datePublished":"2024-08-21T15:47:47+00:00","dateModified":"2024-08-28T12:04:16+00:00","mainEntityOfPage":{"@id":"https:\/\/pragueartweek.cz\/en\/news\/prague-art-week24-programme-guide\/"},"wordCount":2035,"publisher":{"@id":"https:\/\/pragueartweek.cz\/en\/#organization"},"image":{"@id":"https:\/\/pragueartweek.cz\/en\/news\/prague-art-week24-programme-guide\/#primaryimage"},"thumbnailUrl":"https:\/\/pragueartweek.cz\/wp-content\/uploads\/2024\/08\/PAW23_-Odkolekce-foto_-Jakub-Cervenka.jpg","articleSection":["News"],"inLanguage":"en-US"},{"@type":"WebPage","@id":"https:\/\/pragueartweek.cz\/en\/news\/prague-art-week24-programme-guide\/","url":"https:\/\/pragueartweek.cz\/en\/news\/prague-art-week24-programme-guide\/","name":"PAW24 programme guide | Prague Art Week 26","isPartOf":{"@id":"https:\/\/pragueartweek.cz\/en\/#website"},"primaryImageOfPage":{"@id":"https:\/\/pragueartweek.cz\/en\/news\/prague-art-week24-programme-guide\/#primaryimage"},"image":{"@id":"https:\/\/pragueartweek.cz\/en\/news\/prague-art-week24-programme-guide\/#primaryimage"},"thumbnailUrl":"https:\/\/pragueartweek.cz\/wp-content\/uploads\/2024\/08\/PAW23_-Odkolekce-foto_-Jakub-Cervenka.jpg","datePublished":"2024-08-21T15:47:47+00:00","dateModified":"2024-08-28T12:04:16+00:00","description":"The international art festival Prague Art Week24 invites you to explore unique works of art, meet artists, discuss themes, and learn from professionals in the Superstudio. You will find exhibitions, guided tours, and other accompanying events in forty galleries all over Prague, which will be open to the general public free of charge on designated dates and times.","breadcrumb":{"@id":"https:\/\/pragueartweek.cz\/en\/news\/prague-art-week24-programme-guide\/#breadcrumb"},"inLanguage":"en-US","potentialAction":[{"@type":"ReadAction","target":["https:\/\/pragueartweek.cz\/en\/news\/prague-art-week24-programme-guide\/"]}]},{"@type":"ImageObject","inLanguage":"en-US","@id":"https:\/\/pragueartweek.cz\/en\/news\/prague-art-week24-programme-guide\/#primaryimage","url":"https:\/\/pragueartweek.cz\/wp-content\/uploads\/2024\/08\/PAW23_-Odkolekce-foto_-Jakub-Cervenka.jpg","contentUrl":"https:\/\/pragueartweek.cz\/wp-content\/uploads\/2024\/08\/PAW23_-Odkolekce-foto_-Jakub-Cervenka.jpg","width":1861,"height":1365},{"@type":"BreadcrumbList","@id":"https:\/\/pragueartweek.cz\/en\/news\/prague-art-week24-programme-guide\/#breadcrumb","itemListElement":[{"@type":"ListItem","position":1,"name":"Home","item":"https:\/\/pragueartweek.cz\/en\/"},{"@type":"ListItem","position":2,"name":"News","item":"https:\/\/pragueartweek.cz\/en\/news\/"},{"@type":"ListItem","position":3,"name":"PAW24 programme guide"}]},{"@type":"WebSite","@id":"https:\/\/pragueartweek.cz\/en\/#website","url":"https:\/\/pragueartweek.cz\/en\/","name":"Prague Art Week 26","description":"Prague Art Week je otev\u0159enou platformou pro kooperaci nejv\u00fdznamn\u011bj\u0161\u00edch instituc\u00ed na poli pra\u017esk\u00e9 um\u011bleck\u00e9 sc\u00e9ny.","publisher":{"@id":"https:\/\/pragueartweek.cz\/en\/#organization"},"potentialAction":[{"@type":"SearchAction","target":{"@type":"EntryPoint","urlTemplate":"https:\/\/pragueartweek.cz\/en\/?s={search_term_string}"},"query-input":{"@type":"PropertyValueSpecification","valueRequired":true,"valueName":"search_term_string"}}],"inLanguage":"en-US"},{"@type":"Organization","@id":"https:\/\/pragueartweek.cz\/en\/#organization","name":"Prague Art Week","url":"https:\/\/pragueartweek.cz\/en\/","logo":{"@type":"ImageObject","inLanguage":"en-US","@id":"https:\/\/pragueartweek.cz\/en\/#\/schema\/logo\/image\/","url":"https:\/\/pragueartweek.cz\/wp-content\/uploads\/2022\/04\/LOGO_PAW_bez-roku-02.png","contentUrl":"https:\/\/pragueartweek.cz\/wp-content\/uploads\/2022\/04\/LOGO_PAW_bez-roku-02.png","width":2481,"height":1749,"caption":"Prague Art Week"},"image":{"@id":"https:\/\/pragueartweek.cz\/en\/#\/schema\/logo\/image\/"},"sameAs":["https:\/\/www.facebook.com\/pragueartweek22\/","https:\/\/www.instagram.com\/prague_art_week\/"]},{"@type":"Person","@id":"https:\/\/pragueartweek.cz\/en\/#\/schema\/person\/15fbc1cb1e5ef2339129f3a7f895906f","name":"Lenka Bake\u0161ov\u00e1"}]}},"_links":{"self":[{"href":"https:\/\/pragueartweek.cz\/en\/wp-json\/wp\/v2\/posts\/8192","targetHints":{"allow":["GET"]}}],"collection":[{"href":"https:\/\/pragueartweek.cz\/en\/wp-json\/wp\/v2\/posts"}],"about":[{"href":"https:\/\/pragueartweek.cz\/en\/wp-json\/wp\/v2\/types\/post"}],"author":[{"embeddable":true,"href":"https:\/\/pragueartweek.cz\/en\/wp-json\/wp\/v2\/users\/3"}],"replies":[{"embeddable":true,"href":"https:\/\/pragueartweek.cz\/en\/wp-json\/wp\/v2\/comments?post=8192"}],"version-history":[{"count":4,"href":"https:\/\/pragueartweek.cz\/en\/wp-json\/wp\/v2\/posts\/8192\/revisions"}],"predecessor-version":[{"id":8552,"href":"https:\/\/pragueartweek.cz\/en\/wp-json\/wp\/v2\/posts\/8192\/revisions\/8552"}],"wp:featuredmedia":[{"embeddable":true,"href":"https:\/\/pragueartweek.cz\/en\/wp-json\/wp\/v2\/media\/8186"}],"wp:attachment":[{"href":"https:\/\/pragueartweek.cz\/en\/wp-json\/wp\/v2\/media?parent=8192"}],"wp:term":[{"taxonomy":"category","embeddable":true,"href":"https:\/\/pragueartweek.cz\/en\/wp-json\/wp\/v2\/categories?post=8192"},{"taxonomy":"post_tag","embeddable":true,"href":"https:\/\/pragueartweek.cz\/en\/wp-json\/wp\/v2\/tags?post=8192"}],"curies":[{"name":"wp","href":"https:\/\/api.w.org\/{rel}","templated":true}]}}