{"id":9160,"date":"2025-02-27T11:00:30","date_gmt":"2025-02-27T10:00:30","guid":{"rendered":"https:\/\/pragueartweek.cz\/?p=9160"},"modified":"2025-02-27T15:41:15","modified_gmt":"2025-02-27T14:41:15","slug":"introducing-the-spider-prague-art-week-25","status":"publish","type":"post","link":"https:\/\/pragueartweek.cz\/en\/news\/introducing-the-spider-prague-art-week-25\/","title":{"rendered":"Introducing The Spider"},"content":{"rendered":"<p><b>A Mission to Strengthen Collaboration and Visibility<\/b><\/p>\n<p><span style=\"font-weight: 400;\">At its core, <\/span><i><span style=\"font-weight: 400;\">The Spider<\/span><\/i><span style=\"font-weight: 400;\"> aims to foster <\/span><b>mobility, collaboration, and knowledge exchange<\/b><span style=\"font-weight: 400;\"> among curators, journalists, collectors, and other art professionals. By bridging the gap between Europe\u2019s leading art events, the platform will enhance cross-border engagement and create new opportunities for cultural exchange.<\/span><\/p>\n<p><span style=\"font-weight: 400;\">Through this initiative, <\/span><i><span style=\"font-weight: 400;\">The Spider<\/span><\/i><span style=\"font-weight: 400;\"> will:<\/span><\/p>\n<ul>\n<li style=\"font-weight: 400;\" aria-level=\"1\"><b>Facilitate Art Professionals\u2019 and Press Trips<\/b><span style=\"font-weight: 400;\"> \u2013 Organizing exclusive visits to participating cities, offering deeper insights into local art scenes.<\/span><\/li>\n<li style=\"font-weight: 400;\" aria-level=\"1\"><b>Develop Cross-Event Communication<\/b><span style=\"font-weight: 400;\"> \u2013 Strengthening ties between art events, encouraging joint projects, and fostering dialogue.<\/span><\/li>\n<li style=\"font-weight: 400;\" aria-level=\"1\"><b>Amplify European Art Scenes<\/b><span style=\"font-weight: 400;\"> \u2013 Utilizing newsletters, press releases, and strategic media outreach to highlight each city\u2019s unique artistic identity on an international stage.<\/span><\/li>\n<\/ul>\n<h2><b>2025 Art Week Calendar<\/b><\/h2>\n<ul>\n<li style=\"font-weight: 400;\" aria-level=\"1\">\n<h2><b>Stockholm Art Week<\/b><span style=\"font-weight: 400;\"> \u2013 13\u201318 May<\/span><\/h2>\n<\/li>\n<li style=\"font-weight: 400;\" aria-level=\"1\">\n<h2><b>Amsterdam Art Week<\/b><span style=\"font-weight: 400;\"> \u2013 20\u201325 May<\/span><\/h2>\n<\/li>\n<li style=\"font-weight: 400;\" aria-level=\"1\">\n<h2><b>Antwerp Art Weekend<\/b><span style=\"font-weight: 400;\"> \u2013 29 May\u20131 June<\/span><\/h2>\n<\/li>\n<li style=\"font-weight: 400;\" aria-level=\"1\">\n<h2><b>London Gallery Weekend<\/b><span style=\"font-weight: 400;\"> \u2013 6\u20138 June<\/span><\/h2>\n<\/li>\n<li style=\"font-weight: 400;\" aria-level=\"1\">\n<h2><b>Zurich Art Weekend<\/b><span style=\"font-weight: 400;\"> \u2013 13\u201315 June<\/span><\/h2>\n<\/li>\n<li style=\"font-weight: 400;\" aria-level=\"1\">\n<h2><b>Berlin Art Week<\/b><span style=\"font-weight: 400;\"> \u2013 10\u201314 September<\/span><\/h2>\n<\/li>\n<li style=\"font-weight: 400;\" aria-level=\"1\">\n<h2><b>Barcelona Gallery Weekend<\/b><span style=\"font-weight: 400;\"> \u2013 18\u201321 September<\/span><\/h2>\n<\/li>\n<li style=\"font-weight: 400;\" aria-level=\"1\">\n<h2><b>Prague Art Week<\/b><span style=\"font-weight: 400;\"> \u2013 25\u201328 September<\/span><\/h2>\n<\/li>\n<li style=\"font-weight: 400;\" aria-level=\"1\">\n<h2><b>Vienna Art Week<\/b><span style=\"font-weight: 400;\"> \u2013 7\u201314 November<\/span><\/h2>\n<\/li>\n<li style=\"font-weight: 400;\" aria-level=\"1\">\n<h2><b>Lisbon Art Weekend<\/b><span style=\"font-weight: 400;\"> \u2013 6\u20139 November<\/span><\/h2>\n<\/li>\n<li style=\"font-weight: 400;\" aria-level=\"1\">\n<h2><b>Art Weekend Budapest<\/b><span style=\"font-weight: 400;\"> \u2013 28\u201330 November<\/span><\/h2>\n<\/li>\n<\/ul>\n<p><b>Creating New Opportunities for the Art World<\/b><\/p>\n<p><span style=\"font-weight: 400;\">By joining <\/span><i><span style=\"font-weight: 400;\">The Spider<\/span><\/i><span style=\"font-weight: 400;\">, participating cities and their art professionals will benefit from:<\/span><\/p>\n<ul>\n<li style=\"font-weight: 400;\" aria-level=\"1\"><b>Increased International Visibility<\/b><span style=\"font-weight: 400;\"> \u2013 Positioning their art scenes as must-visit destinations for collectors, curators, and media.<\/span><\/li>\n<li style=\"font-weight: 400;\" aria-level=\"1\"><b>Expanded Professional Networks<\/b><span style=\"font-weight: 400;\"> \u2013 Encouraging collaborations and new projects between institutions, galleries, and artists.<\/span><\/li>\n<li style=\"font-weight: 400;\" aria-level=\"1\"><b>Enhanced Public Engagement<\/b><span style=\"font-weight: 400;\"> \u2013 Making contemporary art more accessible to both local and global audiences.<\/span><\/li>\n<\/ul>\n<p><b>A Platform for the Future<\/b><\/p>\n<p><span style=\"font-weight: 400;\">With <\/span><i><span style=\"font-weight: 400;\">The Spider<\/span><\/i><span style=\"font-weight: 400;\">, Europe\u2019s cultural and artistic institutions will be more interconnected than ever before. By fostering an <\/span><b>inclusive and dynamic art ecosystem<\/b><span style=\"font-weight: 400;\">, this initiative will empower artists, curators, and professionals while strengthening ties across the continent\u2019s vibrant art world.<\/span><\/p>\n<p>Follow<a href=\"https:\/\/www.instagram.com\/artweekspider\/\"> @artweekspider<\/a> #artweekspider<\/p>\n<p>Read also: <a href=\"https:\/\/pragueartweek.cz\/en\/news\/spider-net\/\">The Spider unites Major European Art Weeks 2024&nbsp;<\/a><\/p>\n","protected":false},"excerpt":{"rendered":"<p>A Mission to Strengthen Collaboration and Visibility At its core, The Spider aims to foster mobility, collaboration, and knowledge exchange among curators, journalists, collectors, and other art professionals. By bridging the gap between Europe\u2019s leading art events, the platform will enhance cross-border engagement and create new opportunities for cultural exchange. Through this initiative, The Spider&#8230; <a class=\"view-article\" href=\"https:\/\/pragueartweek.cz\/en\/news\/introducing-the-spider-prague-art-week-25\/\">View Article<\/a><\/p>\n","protected":false},"author":3,"featured_media":9177,"comment_status":"closed","ping_status":"closed","sticky":false,"template":"","format":"standard","meta":{"_acf_changed":false,"footnotes":""},"categories":[280,282],"tags":[],"class_list":["post-9160","post","type-post","status-publish","format-standard","has-post-thumbnail","hentry","category-artweekends-en","category-news","wpautop"],"acf":{"photo_gallery":{"prispevek_galerie":[[{"id":9163,"title":"London Gallery Weekend 2024. Photo by Linda Nylind. 01\/06\/2024.","caption":"","full_image_url":"https:\/\/pragueartweek.cz\/wp-content\/uploads\/2025\/02\/1-6-2024-White-Cube-Bermondsey-_3-scaled.jpg","thumbnail_image_url":"https:\/\/pragueartweek.cz\/wp-content\/uploads\/2025\/02\/1-6-2024-White-Cube-Bermondsey-_3-450x308.jpg","large_srcset":"https:\/\/pragueartweek.cz\/wp-content\/uploads\/2025\/02\/1-6-2024-White-Cube-Bermondsey-_3-1800x1233.jpg 1800w, https:\/\/pragueartweek.cz\/wp-content\/uploads\/2025\/02\/1-6-2024-White-Cube-Bermondsey-_3-900x616.jpg 900w, https:\/\/pragueartweek.cz\/wp-content\/uploads\/2025\/02\/1-6-2024-White-Cube-Bermondsey-_3-450x308.jpg 450w, https:\/\/pragueartweek.cz\/wp-content\/uploads\/2025\/02\/1-6-2024-White-Cube-Bermondsey-_3-768x526.jpg 768w, https:\/\/pragueartweek.cz\/wp-content\/uploads\/2025\/02\/1-6-2024-White-Cube-Bermondsey-_3-1536x1052.jpg 1536w, https:\/\/pragueartweek.cz\/wp-content\/uploads\/2025\/02\/1-6-2024-White-Cube-Bermondsey-_3-2048x1403.jpg 2048w","medium_srcset":"https:\/\/pragueartweek.cz\/wp-content\/uploads\/2025\/02\/1-6-2024-White-Cube-Bermondsey-_3-900x616.jpg 900w, https:\/\/pragueartweek.cz\/wp-content\/uploads\/2025\/02\/1-6-2024-White-Cube-Bermondsey-_3-1800x1233.jpg 1800w, https:\/\/pragueartweek.cz\/wp-content\/uploads\/2025\/02\/1-6-2024-White-Cube-Bermondsey-_3-450x308.jpg 450w, https:\/\/pragueartweek.cz\/wp-content\/uploads\/2025\/02\/1-6-2024-White-Cube-Bermondsey-_3-768x526.jpg 768w, https:\/\/pragueartweek.cz\/wp-content\/uploads\/2025\/02\/1-6-2024-White-Cube-Bermondsey-_3-1536x1052.jpg 1536w, https:\/\/pragueartweek.cz\/wp-content\/uploads\/2025\/02\/1-6-2024-White-Cube-Bermondsey-_3-2048x1403.jpg 2048w","media_details":{"width":2560,"height":1753,"sizes":{"medium":{"file":"1-6-2024-White-Cube-Bermondsey-_3-900x616.jpg","width":900,"height":616,"mime-type":"image\/jpeg","filesize":108638,"source_url":"https:\/\/pragueartweek.cz\/wp-content\/uploads\/2025\/02\/1-6-2024-White-Cube-Bermondsey-_3-900x616.jpg"},"large":{"file":"1-6-2024-White-Cube-Bermondsey-_3-1800x1233.jpg","width":1800,"height":1233,"mime-type":"image\/jpeg","filesize":327733,"source_url":"https:\/\/pragueartweek.cz\/wp-content\/uploads\/2025\/02\/1-6-2024-White-Cube-Bermondsey-_3-1800x1233.jpg"},"thumbnail":{"file":"1-6-2024-White-Cube-Bermondsey-_3-450x308.jpg","width":450,"height":308,"mime-type":"image\/jpeg","filesize":45808,"source_url":"https:\/\/pragueartweek.cz\/wp-content\/uploads\/2025\/02\/1-6-2024-White-Cube-Bermondsey-_3-450x308.jpg"},"medium_large":{"file":"1-6-2024-White-Cube-Bermondsey-_3-768x526.jpg","width":768,"height":526,"mime-type":"image\/jpeg","filesize":87249,"source_url":"https:\/\/pragueartweek.cz\/wp-content\/uploads\/2025\/02\/1-6-2024-White-Cube-Bermondsey-_3-768x526.jpg"},"1536x1536":{"file":"1-6-2024-White-Cube-Bermondsey-_3-1536x1052.jpg","width":1536,"height":1052,"mime-type":"image\/jpeg","filesize":250964,"source_url":"https:\/\/pragueartweek.cz\/wp-content\/uploads\/2025\/02\/1-6-2024-White-Cube-Bermondsey-_3-1536x1052.jpg"},"2048x2048":{"file":"1-6-2024-White-Cube-Bermondsey-_3-2048x1403.jpg","width":2048,"height":1403,"mime-type":"image\/jpeg","filesize":414269,"source_url":"https:\/\/pragueartweek.cz\/wp-content\/uploads\/2025\/02\/1-6-2024-White-Cube-Bermondsey-_3-2048x1403.jpg"},"cmplz_banner_image":{"file":"1-6-2024-White-Cube-Bermondsey-_3-350x100.jpg","width":350,"height":100,"mime-type":"image\/jpeg","filesize":27557,"source_url":"https:\/\/pragueartweek.cz\/wp-content\/uploads\/2025\/02\/1-6-2024-White-Cube-Bermondsey-_3-350x100.jpg"}}},"alt_text":"","url":"","target":""},{"id":9169,"title":"LM24_Berlin-Art-Week-2024_Analog_001-1920x1280","caption":"","full_image_url":"https:\/\/pragueartweek.cz\/wp-content\/uploads\/2025\/02\/LM24_Berlin-Art-Week-2024_Analog_001-1920x1280-1.jpg","thumbnail_image_url":"https:\/\/pragueartweek.cz\/wp-content\/uploads\/2025\/02\/LM24_Berlin-Art-Week-2024_Analog_001-1920x1280-1-450x300.jpg","large_srcset":"https:\/\/pragueartweek.cz\/wp-content\/uploads\/2025\/02\/LM24_Berlin-Art-Week-2024_Analog_001-1920x1280-1-1800x1200.jpg 1800w, https:\/\/pragueartweek.cz\/wp-content\/uploads\/2025\/02\/LM24_Berlin-Art-Week-2024_Analog_001-1920x1280-1-900x600.jpg 900w, https:\/\/pragueartweek.cz\/wp-content\/uploads\/2025\/02\/LM24_Berlin-Art-Week-2024_Analog_001-1920x1280-1-450x300.jpg 450w, https:\/\/pragueartweek.cz\/wp-content\/uploads\/2025\/02\/LM24_Berlin-Art-Week-2024_Analog_001-1920x1280-1-768x512.jpg 768w, https:\/\/pragueartweek.cz\/wp-content\/uploads\/2025\/02\/LM24_Berlin-Art-Week-2024_Analog_001-1920x1280-1-1536x1024.jpg 1536w, https:\/\/pragueartweek.cz\/wp-content\/uploads\/2025\/02\/LM24_Berlin-Art-Week-2024_Analog_001-1920x1280-1.jpg 1920w","medium_srcset":"https:\/\/pragueartweek.cz\/wp-content\/uploads\/2025\/02\/LM24_Berlin-Art-Week-2024_Analog_001-1920x1280-1-900x600.jpg 900w, https:\/\/pragueartweek.cz\/wp-content\/uploads\/2025\/02\/LM24_Berlin-Art-Week-2024_Analog_001-1920x1280-1-1800x1200.jpg 1800w, https:\/\/pragueartweek.cz\/wp-content\/uploads\/2025\/02\/LM24_Berlin-Art-Week-2024_Analog_001-1920x1280-1-450x300.jpg 450w, https:\/\/pragueartweek.cz\/wp-content\/uploads\/2025\/02\/LM24_Berlin-Art-Week-2024_Analog_001-1920x1280-1-768x512.jpg 768w, https:\/\/pragueartweek.cz\/wp-content\/uploads\/2025\/02\/LM24_Berlin-Art-Week-2024_Analog_001-1920x1280-1-1536x1024.jpg 1536w, https:\/\/pragueartweek.cz\/wp-content\/uploads\/2025\/02\/LM24_Berlin-Art-Week-2024_Analog_001-1920x1280-1.jpg 1920w","media_details":{"width":1920,"height":1280,"sizes":{"medium":{"file":"LM24_Berlin-Art-Week-2024_Analog_001-1920x1280-1-900x600.jpg","width":900,"height":600,"mime-type":"image\/jpeg","filesize":100784,"source_url":"https:\/\/pragueartweek.cz\/wp-content\/uploads\/2025\/02\/LM24_Berlin-Art-Week-2024_Analog_001-1920x1280-1-900x600.jpg"},"large":{"file":"LM24_Berlin-Art-Week-2024_Analog_001-1920x1280-1-1800x1200.jpg","width":1800,"height":1200,"mime-type":"image\/jpeg","filesize":333004,"source_url":"https:\/\/pragueartweek.cz\/wp-content\/uploads\/2025\/02\/LM24_Berlin-Art-Week-2024_Analog_001-1920x1280-1-1800x1200.jpg"},"thumbnail":{"file":"LM24_Berlin-Art-Week-2024_Analog_001-1920x1280-1-450x300.jpg","width":450,"height":300,"mime-type":"image\/jpeg","filesize":31412,"source_url":"https:\/\/pragueartweek.cz\/wp-content\/uploads\/2025\/02\/LM24_Berlin-Art-Week-2024_Analog_001-1920x1280-1-450x300.jpg"},"medium_large":{"file":"LM24_Berlin-Art-Week-2024_Analog_001-1920x1280-1-768x512.jpg","width":768,"height":512,"mime-type":"image\/jpeg","filesize":76328,"source_url":"https:\/\/pragueartweek.cz\/wp-content\/uploads\/2025\/02\/LM24_Berlin-Art-Week-2024_Analog_001-1920x1280-1-768x512.jpg"},"1536x1536":{"file":"LM24_Berlin-Art-Week-2024_Analog_001-1920x1280-1-1536x1024.jpg","width":1536,"height":1024,"mime-type":"image\/jpeg","filesize":250585,"source_url":"https:\/\/pragueartweek.cz\/wp-content\/uploads\/2025\/02\/LM24_Berlin-Art-Week-2024_Analog_001-1920x1280-1-1536x1024.jpg"},"cmplz_banner_image":{"file":"LM24_Berlin-Art-Week-2024_Analog_001-1920x1280-1-350x100.jpg","width":350,"height":100,"mime-type":"image\/jpeg","filesize":8795,"source_url":"https:\/\/pragueartweek.cz\/wp-content\/uploads\/2025\/02\/LM24_Berlin-Art-Week-2024_Analog_001-1920x1280-1-350x100.jpg"}}},"alt_text":"","url":"","target":""},{"id":9167,"title":"KRISTINKRAUSE_IR9A6244_full-scaled-1920x1280","caption":"","full_image_url":"https:\/\/pragueartweek.cz\/wp-content\/uploads\/2025\/02\/KRISTINKRAUSE_IR9A6244_full-scaled-1920x1280-1.jpg","thumbnail_image_url":"https:\/\/pragueartweek.cz\/wp-content\/uploads\/2025\/02\/KRISTINKRAUSE_IR9A6244_full-scaled-1920x1280-1-450x300.jpg","large_srcset":"https:\/\/pragueartweek.cz\/wp-content\/uploads\/2025\/02\/KRISTINKRAUSE_IR9A6244_full-scaled-1920x1280-1-1800x1200.jpg 1800w, https:\/\/pragueartweek.cz\/wp-content\/uploads\/2025\/02\/KRISTINKRAUSE_IR9A6244_full-scaled-1920x1280-1-900x600.jpg 900w, https:\/\/pragueartweek.cz\/wp-content\/uploads\/2025\/02\/KRISTINKRAUSE_IR9A6244_full-scaled-1920x1280-1-450x300.jpg 450w, https:\/\/pragueartweek.cz\/wp-content\/uploads\/2025\/02\/KRISTINKRAUSE_IR9A6244_full-scaled-1920x1280-1-768x512.jpg 768w, https:\/\/pragueartweek.cz\/wp-content\/uploads\/2025\/02\/KRISTINKRAUSE_IR9A6244_full-scaled-1920x1280-1-1536x1024.jpg 1536w, https:\/\/pragueartweek.cz\/wp-content\/uploads\/2025\/02\/KRISTINKRAUSE_IR9A6244_full-scaled-1920x1280-1.jpg 1920w","medium_srcset":"https:\/\/pragueartweek.cz\/wp-content\/uploads\/2025\/02\/KRISTINKRAUSE_IR9A6244_full-scaled-1920x1280-1-900x600.jpg 900w, https:\/\/pragueartweek.cz\/wp-content\/uploads\/2025\/02\/KRISTINKRAUSE_IR9A6244_full-scaled-1920x1280-1-1800x1200.jpg 1800w, https:\/\/pragueartweek.cz\/wp-content\/uploads\/2025\/02\/KRISTINKRAUSE_IR9A6244_full-scaled-1920x1280-1-450x300.jpg 450w, https:\/\/pragueartweek.cz\/wp-content\/uploads\/2025\/02\/KRISTINKRAUSE_IR9A6244_full-scaled-1920x1280-1-768x512.jpg 768w, https:\/\/pragueartweek.cz\/wp-content\/uploads\/2025\/02\/KRISTINKRAUSE_IR9A6244_full-scaled-1920x1280-1-1536x1024.jpg 1536w, https:\/\/pragueartweek.cz\/wp-content\/uploads\/2025\/02\/KRISTINKRAUSE_IR9A6244_full-scaled-1920x1280-1.jpg 1920w","media_details":{"width":1920,"height":1280,"sizes":{"medium":{"file":"KRISTINKRAUSE_IR9A6244_full-scaled-1920x1280-1-900x600.jpg","width":900,"height":600,"mime-type":"image\/jpeg","filesize":109473,"source_url":"https:\/\/pragueartweek.cz\/wp-content\/uploads\/2025\/02\/KRISTINKRAUSE_IR9A6244_full-scaled-1920x1280-1-900x600.jpg"},"large":{"file":"KRISTINKRAUSE_IR9A6244_full-scaled-1920x1280-1-1800x1200.jpg","width":1800,"height":1200,"mime-type":"image\/jpeg","filesize":339050,"source_url":"https:\/\/pragueartweek.cz\/wp-content\/uploads\/2025\/02\/KRISTINKRAUSE_IR9A6244_full-scaled-1920x1280-1-1800x1200.jpg"},"thumbnail":{"file":"KRISTINKRAUSE_IR9A6244_full-scaled-1920x1280-1-450x300.jpg","width":450,"height":300,"mime-type":"image\/jpeg","filesize":33112,"source_url":"https:\/\/pragueartweek.cz\/wp-content\/uploads\/2025\/02\/KRISTINKRAUSE_IR9A6244_full-scaled-1920x1280-1-450x300.jpg"},"medium_large":{"file":"KRISTINKRAUSE_IR9A6244_full-scaled-1920x1280-1-768x512.jpg","width":768,"height":512,"mime-type":"image\/jpeg","filesize":82731,"source_url":"https:\/\/pragueartweek.cz\/wp-content\/uploads\/2025\/02\/KRISTINKRAUSE_IR9A6244_full-scaled-1920x1280-1-768x512.jpg"},"1536x1536":{"file":"KRISTINKRAUSE_IR9A6244_full-scaled-1920x1280-1-1536x1024.jpg","width":1536,"height":1024,"mime-type":"image\/jpeg","filesize":262850,"source_url":"https:\/\/pragueartweek.cz\/wp-content\/uploads\/2025\/02\/KRISTINKRAUSE_IR9A6244_full-scaled-1920x1280-1-1536x1024.jpg"},"cmplz_banner_image":{"file":"KRISTINKRAUSE_IR9A6244_full-scaled-1920x1280-1-350x100.jpg","width":350,"height":100,"mime-type":"image\/jpeg","filesize":11982,"source_url":"https:\/\/pragueartweek.cz\/wp-content\/uploads\/2025\/02\/KRISTINKRAUSE_IR9A6244_full-scaled-1920x1280-1-350x100.jpg"}}},"alt_text":"","url":"","target":""},{"id":9165,"title":"BAW_2024_09_AngeloDalBo_3027-1920x1281","caption":"","full_image_url":"https:\/\/pragueartweek.cz\/wp-content\/uploads\/2025\/02\/BAW_2024_09_AngeloDalBo_3027-1920x1281-1.jpg","thumbnail_image_url":"https:\/\/pragueartweek.cz\/wp-content\/uploads\/2025\/02\/BAW_2024_09_AngeloDalBo_3027-1920x1281-1-450x300.jpg","large_srcset":"https:\/\/pragueartweek.cz\/wp-content\/uploads\/2025\/02\/BAW_2024_09_AngeloDalBo_3027-1920x1281-1-1800x1201.jpg 1800w, https:\/\/pragueartweek.cz\/wp-content\/uploads\/2025\/02\/BAW_2024_09_AngeloDalBo_3027-1920x1281-1-900x600.jpg 900w, https:\/\/pragueartweek.cz\/wp-content\/uploads\/2025\/02\/BAW_2024_09_AngeloDalBo_3027-1920x1281-1-450x300.jpg 450w, https:\/\/pragueartweek.cz\/wp-content\/uploads\/2025\/02\/BAW_2024_09_AngeloDalBo_3027-1920x1281-1-768x512.jpg 768w, https:\/\/pragueartweek.cz\/wp-content\/uploads\/2025\/02\/BAW_2024_09_AngeloDalBo_3027-1920x1281-1-1536x1025.jpg 1536w, https:\/\/pragueartweek.cz\/wp-content\/uploads\/2025\/02\/BAW_2024_09_AngeloDalBo_3027-1920x1281-1.jpg 1920w","medium_srcset":"https:\/\/pragueartweek.cz\/wp-content\/uploads\/2025\/02\/BAW_2024_09_AngeloDalBo_3027-1920x1281-1-900x600.jpg 900w, https:\/\/pragueartweek.cz\/wp-content\/uploads\/2025\/02\/BAW_2024_09_AngeloDalBo_3027-1920x1281-1-1800x1201.jpg 1800w, https:\/\/pragueartweek.cz\/wp-content\/uploads\/2025\/02\/BAW_2024_09_AngeloDalBo_3027-1920x1281-1-450x300.jpg 450w, https:\/\/pragueartweek.cz\/wp-content\/uploads\/2025\/02\/BAW_2024_09_AngeloDalBo_3027-1920x1281-1-768x512.jpg 768w, https:\/\/pragueartweek.cz\/wp-content\/uploads\/2025\/02\/BAW_2024_09_AngeloDalBo_3027-1920x1281-1-1536x1025.jpg 1536w, https:\/\/pragueartweek.cz\/wp-content\/uploads\/2025\/02\/BAW_2024_09_AngeloDalBo_3027-1920x1281-1.jpg 1920w","media_details":{"width":1920,"height":1281,"sizes":{"medium":{"file":"BAW_2024_09_AngeloDalBo_3027-1920x1281-1-900x600.jpg","width":900,"height":600,"mime-type":"image\/jpeg","filesize":165197,"source_url":"https:\/\/pragueartweek.cz\/wp-content\/uploads\/2025\/02\/BAW_2024_09_AngeloDalBo_3027-1920x1281-1-900x600.jpg"},"large":{"file":"BAW_2024_09_AngeloDalBo_3027-1920x1281-1-1800x1201.jpg","width":1800,"height":1201,"mime-type":"image\/jpeg","filesize":474338,"source_url":"https:\/\/pragueartweek.cz\/wp-content\/uploads\/2025\/02\/BAW_2024_09_AngeloDalBo_3027-1920x1281-1-1800x1201.jpg"},"thumbnail":{"file":"BAW_2024_09_AngeloDalBo_3027-1920x1281-1-450x300.jpg","width":450,"height":300,"mime-type":"image\/jpeg","filesize":61285,"source_url":"https:\/\/pragueartweek.cz\/wp-content\/uploads\/2025\/02\/BAW_2024_09_AngeloDalBo_3027-1920x1281-1-450x300.jpg"},"medium_large":{"file":"BAW_2024_09_AngeloDalBo_3027-1920x1281-1-768x512.jpg","width":768,"height":512,"mime-type":"image\/jpeg","filesize":130082,"source_url":"https:\/\/pragueartweek.cz\/wp-content\/uploads\/2025\/02\/BAW_2024_09_AngeloDalBo_3027-1920x1281-1-768x512.jpg"},"1536x1536":{"file":"BAW_2024_09_AngeloDalBo_3027-1920x1281-1-1536x1025.jpg","width":1536,"height":1025,"mime-type":"image\/jpeg","filesize":370443,"source_url":"https:\/\/pragueartweek.cz\/wp-content\/uploads\/2025\/02\/BAW_2024_09_AngeloDalBo_3027-1920x1281-1-1536x1025.jpg"},"cmplz_banner_image":{"file":"BAW_2024_09_AngeloDalBo_3027-1920x1281-1-350x100.jpg","width":350,"height":100,"mime-type":"image\/jpeg","filesize":24498,"source_url":"https:\/\/pragueartweek.cz\/wp-content\/uploads\/2025\/02\/BAW_2024_09_AngeloDalBo_3027-1920x1281-1-350x100.jpg"}}},"alt_text":"","url":"","target":""},{"id":9174,"title":"Sni\u0301mek obrazovky 2025-02-25 v\u00a014.05.24","caption":"","full_image_url":"https:\/\/pragueartweek.cz\/wp-content\/uploads\/2025\/02\/Snimek-obrazovky-2025-02-25-v-14.05.24.png","thumbnail_image_url":"https:\/\/pragueartweek.cz\/wp-content\/uploads\/2025\/02\/Snimek-obrazovky-2025-02-25-v-14.05.24-450x291.png","large_srcset":"https:\/\/pragueartweek.cz\/wp-content\/uploads\/2025\/02\/Snimek-obrazovky-2025-02-25-v-14.05.24-1800x1164.png 1800w, https:\/\/pragueartweek.cz\/wp-content\/uploads\/2025\/02\/Snimek-obrazovky-2025-02-25-v-14.05.24-900x582.png 900w, https:\/\/pragueartweek.cz\/wp-content\/uploads\/2025\/02\/Snimek-obrazovky-2025-02-25-v-14.05.24-450x291.png 450w, https:\/\/pragueartweek.cz\/wp-content\/uploads\/2025\/02\/Snimek-obrazovky-2025-02-25-v-14.05.24-768x497.png 768w, https:\/\/pragueartweek.cz\/wp-content\/uploads\/2025\/02\/Snimek-obrazovky-2025-02-25-v-14.05.24-1536x993.png 1536w, https:\/\/pragueartweek.cz\/wp-content\/uploads\/2025\/02\/Snimek-obrazovky-2025-02-25-v-14.05.24-2048x1324.png 2048w","medium_srcset":"https:\/\/pragueartweek.cz\/wp-content\/uploads\/2025\/02\/Snimek-obrazovky-2025-02-25-v-14.05.24-900x582.png 900w, https:\/\/pragueartweek.cz\/wp-content\/uploads\/2025\/02\/Snimek-obrazovky-2025-02-25-v-14.05.24-1800x1164.png 1800w, https:\/\/pragueartweek.cz\/wp-content\/uploads\/2025\/02\/Snimek-obrazovky-2025-02-25-v-14.05.24-450x291.png 450w, https:\/\/pragueartweek.cz\/wp-content\/uploads\/2025\/02\/Snimek-obrazovky-2025-02-25-v-14.05.24-768x497.png 768w, https:\/\/pragueartweek.cz\/wp-content\/uploads\/2025\/02\/Snimek-obrazovky-2025-02-25-v-14.05.24-1536x993.png 1536w, https:\/\/pragueartweek.cz\/wp-content\/uploads\/2025\/02\/Snimek-obrazovky-2025-02-25-v-14.05.24-2048x1324.png 2048w","media_details":{"width":2858,"height":1848,"sizes":{"medium":{"file":"Snimek-obrazovky-2025-02-25-v-14.05.24-900x582.png","width":900,"height":582,"mime-type":"image\/png","filesize":526733,"source_url":"https:\/\/pragueartweek.cz\/wp-content\/uploads\/2025\/02\/Snimek-obrazovky-2025-02-25-v-14.05.24-900x582.png"},"large":{"file":"Snimek-obrazovky-2025-02-25-v-14.05.24-1800x1164.png","width":1800,"height":1164,"mime-type":"image\/png","filesize":2075180,"source_url":"https:\/\/pragueartweek.cz\/wp-content\/uploads\/2025\/02\/Snimek-obrazovky-2025-02-25-v-14.05.24-1800x1164.png"},"thumbnail":{"file":"Snimek-obrazovky-2025-02-25-v-14.05.24-450x291.png","width":450,"height":291,"mime-type":"image\/png","filesize":143898,"source_url":"https:\/\/pragueartweek.cz\/wp-content\/uploads\/2025\/02\/Snimek-obrazovky-2025-02-25-v-14.05.24-450x291.png"},"medium_large":{"file":"Snimek-obrazovky-2025-02-25-v-14.05.24-768x497.png","width":768,"height":497,"mime-type":"image\/png","filesize":389737,"source_url":"https:\/\/pragueartweek.cz\/wp-content\/uploads\/2025\/02\/Snimek-obrazovky-2025-02-25-v-14.05.24-768x497.png"},"1536x1536":{"file":"Snimek-obrazovky-2025-02-25-v-14.05.24-1536x993.png","width":1536,"height":993,"mime-type":"image\/png","filesize":1501539,"source_url":"https:\/\/pragueartweek.cz\/wp-content\/uploads\/2025\/02\/Snimek-obrazovky-2025-02-25-v-14.05.24-1536x993.png"},"2048x2048":{"file":"Snimek-obrazovky-2025-02-25-v-14.05.24-2048x1324.png","width":2048,"height":1324,"mime-type":"image\/png","filesize":2711161,"source_url":"https:\/\/pragueartweek.cz\/wp-content\/uploads\/2025\/02\/Snimek-obrazovky-2025-02-25-v-14.05.24-2048x1324.png"},"cmplz_banner_image":{"file":"Snimek-obrazovky-2025-02-25-v-14.05.24-350x100.png","width":350,"height":100,"mime-type":"image\/png","filesize":43206,"source_url":"https:\/\/pragueartweek.cz\/wp-content\/uploads\/2025\/02\/Snimek-obrazovky-2025-02-25-v-14.05.24-350x100.png"}}},"alt_text":"","url":"","target":""},{"id":8780,"title":"L1070981","caption":"","full_image_url":"https:\/\/pragueartweek.cz\/wp-content\/uploads\/2024\/09\/L1070981.jpg","thumbnail_image_url":"https:\/\/pragueartweek.cz\/wp-content\/uploads\/2024\/09\/L1070981-450x285.jpg","large_srcset":"https:\/\/pragueartweek.cz\/wp-content\/uploads\/2024\/09\/L1070981-1800x1139.jpg 1800w, https:\/\/pragueartweek.cz\/wp-content\/uploads\/2024\/09\/L1070981-900x570.jpg 900w, https:\/\/pragueartweek.cz\/wp-content\/uploads\/2024\/09\/L1070981-450x285.jpg 450w, https:\/\/pragueartweek.cz\/wp-content\/uploads\/2024\/09\/L1070981-768x486.jpg 768w, https:\/\/pragueartweek.cz\/wp-content\/uploads\/2024\/09\/L1070981-1536x972.jpg 1536w, https:\/\/pragueartweek.cz\/wp-content\/uploads\/2024\/09\/L1070981-2048x1296.jpg 2048w","medium_srcset":"https:\/\/pragueartweek.cz\/wp-content\/uploads\/2024\/09\/L1070981-900x570.jpg 900w, https:\/\/pragueartweek.cz\/wp-content\/uploads\/2024\/09\/L1070981-1800x1139.jpg 1800w, https:\/\/pragueartweek.cz\/wp-content\/uploads\/2024\/09\/L1070981-450x285.jpg 450w, https:\/\/pragueartweek.cz\/wp-content\/uploads\/2024\/09\/L1070981-768x486.jpg 768w, https:\/\/pragueartweek.cz\/wp-content\/uploads\/2024\/09\/L1070981-1536x972.jpg 1536w, https:\/\/pragueartweek.cz\/wp-content\/uploads\/2024\/09\/L1070981-2048x1296.jpg 2048w","media_details":{"width":2500,"height":1582,"sizes":{"medium":{"file":"L1070981-900x570.jpg","width":900,"height":570,"mime-type":"image\/jpeg","filesize":128321,"source_url":"https:\/\/pragueartweek.cz\/wp-content\/uploads\/2024\/09\/L1070981-900x570.jpg"},"large":{"file":"L1070981-1800x1139.jpg","width":1800,"height":1139,"mime-type":"image\/jpeg","filesize":398728,"source_url":"https:\/\/pragueartweek.cz\/wp-content\/uploads\/2024\/09\/L1070981-1800x1139.jpg"},"thumbnail":{"file":"L1070981-450x285.jpg","width":450,"height":285,"mime-type":"image\/jpeg","filesize":45985,"source_url":"https:\/\/pragueartweek.cz\/wp-content\/uploads\/2024\/09\/L1070981-450x285.jpg"},"medium_large":{"file":"L1070981-768x486.jpg","width":768,"height":486,"mime-type":"image\/jpeg","filesize":99531,"source_url":"https:\/\/pragueartweek.cz\/wp-content\/uploads\/2024\/09\/L1070981-768x486.jpg"},"1536x1536":{"file":"L1070981-1536x972.jpg","width":1536,"height":972,"mime-type":"image\/jpeg","filesize":306031,"source_url":"https:\/\/pragueartweek.cz\/wp-content\/uploads\/2024\/09\/L1070981-1536x972.jpg"},"2048x2048":{"file":"L1070981-2048x1296.jpg","width":2048,"height":1296,"mime-type":"image\/jpeg","filesize":493314,"source_url":"https:\/\/pragueartweek.cz\/wp-content\/uploads\/2024\/09\/L1070981-2048x1296.jpg"},"cmplz_banner_image":{"file":"L1070981-350x100.jpg","width":350,"height":100,"mime-type":"image\/jpeg","filesize":20457,"source_url":"https:\/\/pragueartweek.cz\/wp-content\/uploads\/2024\/09\/L1070981-350x100.jpg"}}},"alt_text":"","url":"","target":""},{"id":8886,"title":"L1080567","caption":"","full_image_url":"https:\/\/pragueartweek.cz\/wp-content\/uploads\/2024\/09\/L1080567.jpg","thumbnail_image_url":"https:\/\/pragueartweek.cz\/wp-content\/uploads\/2024\/09\/L1080567-450x285.jpg","large_srcset":"https:\/\/pragueartweek.cz\/wp-content\/uploads\/2024\/09\/L1080567-1800x1140.jpg 1800w, https:\/\/pragueartweek.cz\/wp-content\/uploads\/2024\/09\/L1080567-900x570.jpg 900w, https:\/\/pragueartweek.cz\/wp-content\/uploads\/2024\/09\/L1080567-450x285.jpg 450w, https:\/\/pragueartweek.cz\/wp-content\/uploads\/2024\/09\/L1080567-768x487.jpg 768w, https:\/\/pragueartweek.cz\/wp-content\/uploads\/2024\/09\/L1080567-1536x973.jpg 1536w, https:\/\/pragueartweek.cz\/wp-content\/uploads\/2024\/09\/L1080567-2048x1298.jpg 2048w","medium_srcset":"https:\/\/pragueartweek.cz\/wp-content\/uploads\/2024\/09\/L1080567-900x570.jpg 900w, https:\/\/pragueartweek.cz\/wp-content\/uploads\/2024\/09\/L1080567-1800x1140.jpg 1800w, https:\/\/pragueartweek.cz\/wp-content\/uploads\/2024\/09\/L1080567-450x285.jpg 450w, https:\/\/pragueartweek.cz\/wp-content\/uploads\/2024\/09\/L1080567-768x487.jpg 768w, https:\/\/pragueartweek.cz\/wp-content\/uploads\/2024\/09\/L1080567-1536x973.jpg 1536w, https:\/\/pragueartweek.cz\/wp-content\/uploads\/2024\/09\/L1080567-2048x1298.jpg 2048w","media_details":{"width":2500,"height":1584,"sizes":{"medium":{"file":"L1080567-900x570.jpg","width":900,"height":570,"mime-type":"image\/jpeg","filesize":96647,"source_url":"https:\/\/pragueartweek.cz\/wp-content\/uploads\/2024\/09\/L1080567-900x570.jpg"},"large":{"file":"L1080567-1800x1140.jpg","width":1800,"height":1140,"mime-type":"image\/jpeg","filesize":287493,"source_url":"https:\/\/pragueartweek.cz\/wp-content\/uploads\/2024\/09\/L1080567-1800x1140.jpg"},"thumbnail":{"file":"L1080567-450x285.jpg","width":450,"height":285,"mime-type":"image\/jpeg","filesize":38721,"source_url":"https:\/\/pragueartweek.cz\/wp-content\/uploads\/2024\/09\/L1080567-450x285.jpg"},"medium_large":{"file":"L1080567-768x487.jpg","width":768,"height":487,"mime-type":"image\/jpeg","filesize":76549,"source_url":"https:\/\/pragueartweek.cz\/wp-content\/uploads\/2024\/09\/L1080567-768x487.jpg"},"1536x1536":{"file":"L1080567-1536x973.jpg","width":1536,"height":973,"mime-type":"image\/jpeg","filesize":220600,"source_url":"https:\/\/pragueartweek.cz\/wp-content\/uploads\/2024\/09\/L1080567-1536x973.jpg"},"2048x2048":{"file":"L1080567-2048x1298.jpg","width":2048,"height":1298,"mime-type":"image\/jpeg","filesize":361524,"source_url":"https:\/\/pragueartweek.cz\/wp-content\/uploads\/2024\/09\/L1080567-2048x1298.jpg"},"cmplz_banner_image":{"file":"L1080567-350x100.jpg","width":350,"height":100,"mime-type":"image\/jpeg","filesize":20953,"source_url":"https:\/\/pragueartweek.cz\/wp-content\/uploads\/2024\/09\/L1080567-350x100.jpg"}}},"alt_text":"","url":"","target":""},{"id":8882,"title":"L1080615","caption":"","full_image_url":"https:\/\/pragueartweek.cz\/wp-content\/uploads\/2024\/09\/L1080615.jpg","thumbnail_image_url":"https:\/\/pragueartweek.cz\/wp-content\/uploads\/2024\/09\/L1080615-450x285.jpg","large_srcset":"https:\/\/pragueartweek.cz\/wp-content\/uploads\/2024\/09\/L1080615-1800x1140.jpg 1800w, https:\/\/pragueartweek.cz\/wp-content\/uploads\/2024\/09\/L1080615-900x570.jpg 900w, https:\/\/pragueartweek.cz\/wp-content\/uploads\/2024\/09\/L1080615-450x285.jpg 450w, https:\/\/pragueartweek.cz\/wp-content\/uploads\/2024\/09\/L1080615-768x487.jpg 768w, https:\/\/pragueartweek.cz\/wp-content\/uploads\/2024\/09\/L1080615-1536x973.jpg 1536w, https:\/\/pragueartweek.cz\/wp-content\/uploads\/2024\/09\/L1080615-2048x1298.jpg 2048w","medium_srcset":"https:\/\/pragueartweek.cz\/wp-content\/uploads\/2024\/09\/L1080615-900x570.jpg 900w, https:\/\/pragueartweek.cz\/wp-content\/uploads\/2024\/09\/L1080615-1800x1140.jpg 1800w, https:\/\/pragueartweek.cz\/wp-content\/uploads\/2024\/09\/L1080615-450x285.jpg 450w, https:\/\/pragueartweek.cz\/wp-content\/uploads\/2024\/09\/L1080615-768x487.jpg 768w, https:\/\/pragueartweek.cz\/wp-content\/uploads\/2024\/09\/L1080615-1536x973.jpg 1536w, https:\/\/pragueartweek.cz\/wp-content\/uploads\/2024\/09\/L1080615-2048x1298.jpg 2048w","media_details":{"width":2500,"height":1584,"sizes":{"medium":{"file":"L1080615-900x570.jpg","width":900,"height":570,"mime-type":"image\/jpeg","filesize":98270,"source_url":"https:\/\/pragueartweek.cz\/wp-content\/uploads\/2024\/09\/L1080615-900x570.jpg"},"large":{"file":"L1080615-1800x1140.jpg","width":1800,"height":1140,"mime-type":"image\/jpeg","filesize":299364,"source_url":"https:\/\/pragueartweek.cz\/wp-content\/uploads\/2024\/09\/L1080615-1800x1140.jpg"},"thumbnail":{"file":"L1080615-450x285.jpg","width":450,"height":285,"mime-type":"image\/jpeg","filesize":38686,"source_url":"https:\/\/pragueartweek.cz\/wp-content\/uploads\/2024\/09\/L1080615-450x285.jpg"},"medium_large":{"file":"L1080615-768x487.jpg","width":768,"height":487,"mime-type":"image\/jpeg","filesize":78010,"source_url":"https:\/\/pragueartweek.cz\/wp-content\/uploads\/2024\/09\/L1080615-768x487.jpg"},"1536x1536":{"file":"L1080615-1536x973.jpg","width":1536,"height":973,"mime-type":"image\/jpeg","filesize":229489,"source_url":"https:\/\/pragueartweek.cz\/wp-content\/uploads\/2024\/09\/L1080615-1536x973.jpg"},"2048x2048":{"file":"L1080615-2048x1298.jpg","width":2048,"height":1298,"mime-type":"image\/jpeg","filesize":374805,"source_url":"https:\/\/pragueartweek.cz\/wp-content\/uploads\/2024\/09\/L1080615-2048x1298.jpg"},"cmplz_banner_image":{"file":"L1080615-350x100.jpg","width":350,"height":100,"mime-type":"image\/jpeg","filesize":20503,"source_url":"https:\/\/pragueartweek.cz\/wp-content\/uploads\/2024\/09\/L1080615-350x100.jpg"}}},"alt_text":"","url":"","target":""}]]}},"yoast_head":"<!-- This site is optimized with the Yoast SEO plugin v27.4 - https:\/\/yoast.com\/product\/yoast-seo-wordpress\/ -->\n<title>Introducing The Spider | Prague Art Week 25<\/title>\n<meta name=\"description\" content=\"The initiative brings together key events, including Stockholm Art Week, Amsterdam Art Week, Antwerp Art Weekend, London Gallery Weekend, Zurich Art Weekend, Berlin Art Week, Barcelona Gallery Weekend, Prague Art Week, Vienna Art Week, Lisbon Art Weekend, and Art Weekend Budapest.\" \/>\n<meta name=\"robots\" content=\"index, follow, max-snippet:-1, max-image-preview:large, max-video-preview:-1\" \/>\n<link rel=\"canonical\" href=\"https:\/\/pragueartweek.cz\/en\/news\/introducing-the-spider-prague-art-week-25\/\" \/>\n<meta property=\"og:locale\" content=\"en_US\" \/>\n<meta property=\"og:type\" content=\"article\" \/>\n<meta property=\"og:title\" content=\"Introducing The Spider | Prague Art Week 25\" \/>\n<meta property=\"og:description\" content=\"The initiative brings together key events, including Stockholm Art Week, Amsterdam Art Week, Antwerp Art Weekend, London Gallery Weekend, Zurich Art Weekend, Berlin Art Week, Barcelona Gallery Weekend, Prague Art Week, Vienna Art Week, Lisbon Art Weekend, and Art Weekend Budapest.\" \/>\n<meta property=\"og:url\" content=\"https:\/\/pragueartweek.cz\/en\/news\/introducing-the-spider-prague-art-week-25\/\" \/>\n<meta property=\"og:site_name\" content=\"Prague Art Week 26\" \/>\n<meta property=\"article:publisher\" content=\"https:\/\/www.facebook.com\/pragueartweek22\/\" \/>\n<meta property=\"article:published_time\" content=\"2025-02-27T10:00:30+00:00\" \/>\n<meta property=\"article:modified_time\" content=\"2025-02-27T14:41:15+00:00\" \/>\n<meta property=\"og:image\" content=\"https:\/\/pragueartweek.cz\/wp-content\/uploads\/2025\/02\/image.png\" \/>\n\t<meta property=\"og:image:width\" content=\"900\" \/>\n\t<meta property=\"og:image:height\" content=\"660\" \/>\n\t<meta property=\"og:image:type\" content=\"image\/png\" \/>\n<meta name=\"author\" content=\"Lenka Bake\u0161ov\u00e1\" \/>\n<meta name=\"twitter:card\" content=\"summary_large_image\" \/>\n<meta name=\"twitter:label1\" content=\"Written by\" \/>\n\t<meta name=\"twitter:data1\" content=\"Lenka Bake\u0161ov\u00e1\" \/>\n\t<meta name=\"twitter:label2\" content=\"Est. reading time\" \/>\n\t<meta name=\"twitter:data2\" content=\"3 minutes\" \/>\n<script type=\"application\/ld+json\" class=\"yoast-schema-graph\">{\"@context\":\"https:\\\/\\\/schema.org\",\"@graph\":[{\"@type\":\"Article\",\"@id\":\"https:\\\/\\\/pragueartweek.cz\\\/en\\\/news\\\/introducing-the-spider-prague-art-week-25\\\/#article\",\"isPartOf\":{\"@id\":\"https:\\\/\\\/pragueartweek.cz\\\/en\\\/news\\\/introducing-the-spider-prague-art-week-25\\\/\"},\"author\":{\"name\":\"Lenka Bake\u0161ov\u00e1\",\"@id\":\"https:\\\/\\\/pragueartweek.cz\\\/en\\\/#\\\/schema\\\/person\\\/15fbc1cb1e5ef2339129f3a7f895906f\"},\"headline\":\"Introducing The Spider\",\"datePublished\":\"2025-02-27T10:00:30+00:00\",\"dateModified\":\"2025-02-27T14:41:15+00:00\",\"mainEntityOfPage\":{\"@id\":\"https:\\\/\\\/pragueartweek.cz\\\/en\\\/news\\\/introducing-the-spider-prague-art-week-25\\\/\"},\"wordCount\":287,\"publisher\":{\"@id\":\"https:\\\/\\\/pragueartweek.cz\\\/en\\\/#organization\"},\"image\":{\"@id\":\"https:\\\/\\\/pragueartweek.cz\\\/en\\\/news\\\/introducing-the-spider-prague-art-week-25\\\/#primaryimage\"},\"thumbnailUrl\":\"https:\\\/\\\/pragueartweek.cz\\\/wp-content\\\/uploads\\\/2025\\\/02\\\/image.png\",\"articleSection\":[\"ARTWEEK(END)S\",\"News\"],\"inLanguage\":\"en-US\"},{\"@type\":\"WebPage\",\"@id\":\"https:\\\/\\\/pragueartweek.cz\\\/en\\\/news\\\/introducing-the-spider-prague-art-week-25\\\/\",\"url\":\"https:\\\/\\\/pragueartweek.cz\\\/en\\\/news\\\/introducing-the-spider-prague-art-week-25\\\/\",\"name\":\"Introducing The Spider | Prague Art Week 25\",\"isPartOf\":{\"@id\":\"https:\\\/\\\/pragueartweek.cz\\\/en\\\/#website\"},\"primaryImageOfPage\":{\"@id\":\"https:\\\/\\\/pragueartweek.cz\\\/en\\\/news\\\/introducing-the-spider-prague-art-week-25\\\/#primaryimage\"},\"image\":{\"@id\":\"https:\\\/\\\/pragueartweek.cz\\\/en\\\/news\\\/introducing-the-spider-prague-art-week-25\\\/#primaryimage\"},\"thumbnailUrl\":\"https:\\\/\\\/pragueartweek.cz\\\/wp-content\\\/uploads\\\/2025\\\/02\\\/image.png\",\"datePublished\":\"2025-02-27T10:00:30+00:00\",\"dateModified\":\"2025-02-27T14:41:15+00:00\",\"description\":\"The initiative brings together key events, including Stockholm Art Week, Amsterdam Art Week, Antwerp Art Weekend, London Gallery Weekend, Zurich Art Weekend, Berlin Art Week, Barcelona Gallery Weekend, Prague Art Week, Vienna Art Week, Lisbon Art Weekend, and Art Weekend Budapest.\",\"breadcrumb\":{\"@id\":\"https:\\\/\\\/pragueartweek.cz\\\/en\\\/news\\\/introducing-the-spider-prague-art-week-25\\\/#breadcrumb\"},\"inLanguage\":\"en-US\",\"potentialAction\":[{\"@type\":\"ReadAction\",\"target\":[\"https:\\\/\\\/pragueartweek.cz\\\/en\\\/news\\\/introducing-the-spider-prague-art-week-25\\\/\"]}]},{\"@type\":\"ImageObject\",\"inLanguage\":\"en-US\",\"@id\":\"https:\\\/\\\/pragueartweek.cz\\\/en\\\/news\\\/introducing-the-spider-prague-art-week-25\\\/#primaryimage\",\"url\":\"https:\\\/\\\/pragueartweek.cz\\\/wp-content\\\/uploads\\\/2025\\\/02\\\/image.png\",\"contentUrl\":\"https:\\\/\\\/pragueartweek.cz\\\/wp-content\\\/uploads\\\/2025\\\/02\\\/image.png\",\"width\":1726,\"height\":1266},{\"@type\":\"BreadcrumbList\",\"@id\":\"https:\\\/\\\/pragueartweek.cz\\\/en\\\/news\\\/introducing-the-spider-prague-art-week-25\\\/#breadcrumb\",\"itemListElement\":[{\"@type\":\"ListItem\",\"position\":1,\"name\":\"Home\",\"item\":\"https:\\\/\\\/pragueartweek.cz\\\/en\\\/\"},{\"@type\":\"ListItem\",\"position\":2,\"name\":\"News\",\"item\":\"https:\\\/\\\/pragueartweek.cz\\\/en\\\/news\\\/\"},{\"@type\":\"ListItem\",\"position\":3,\"name\":\"Introducing The Spider\"}]},{\"@type\":\"WebSite\",\"@id\":\"https:\\\/\\\/pragueartweek.cz\\\/en\\\/#website\",\"url\":\"https:\\\/\\\/pragueartweek.cz\\\/en\\\/\",\"name\":\"Prague Art Week 26\",\"description\":\"Prague Art Week je otev\u0159enou platformou pro kooperaci nejv\u00fdznamn\u011bj\u0161\u00edch instituc\u00ed na poli pra\u017esk\u00e9 um\u011bleck\u00e9 sc\u00e9ny.\",\"publisher\":{\"@id\":\"https:\\\/\\\/pragueartweek.cz\\\/en\\\/#organization\"},\"potentialAction\":[{\"@type\":\"SearchAction\",\"target\":{\"@type\":\"EntryPoint\",\"urlTemplate\":\"https:\\\/\\\/pragueartweek.cz\\\/en\\\/?s={search_term_string}\"},\"query-input\":{\"@type\":\"PropertyValueSpecification\",\"valueRequired\":true,\"valueName\":\"search_term_string\"}}],\"inLanguage\":\"en-US\"},{\"@type\":\"Organization\",\"@id\":\"https:\\\/\\\/pragueartweek.cz\\\/en\\\/#organization\",\"name\":\"Prague Art Week\",\"url\":\"https:\\\/\\\/pragueartweek.cz\\\/en\\\/\",\"logo\":{\"@type\":\"ImageObject\",\"inLanguage\":\"en-US\",\"@id\":\"https:\\\/\\\/pragueartweek.cz\\\/en\\\/#\\\/schema\\\/logo\\\/image\\\/\",\"url\":\"https:\\\/\\\/pragueartweek.cz\\\/wp-content\\\/uploads\\\/2022\\\/04\\\/LOGO_PAW_bez-roku-02.png\",\"contentUrl\":\"https:\\\/\\\/pragueartweek.cz\\\/wp-content\\\/uploads\\\/2022\\\/04\\\/LOGO_PAW_bez-roku-02.png\",\"width\":2481,\"height\":1749,\"caption\":\"Prague Art Week\"},\"image\":{\"@id\":\"https:\\\/\\\/pragueartweek.cz\\\/en\\\/#\\\/schema\\\/logo\\\/image\\\/\"},\"sameAs\":[\"https:\\\/\\\/www.facebook.com\\\/pragueartweek22\\\/\",\"https:\\\/\\\/www.instagram.com\\\/prague_art_week\\\/\"]},{\"@type\":\"Person\",\"@id\":\"https:\\\/\\\/pragueartweek.cz\\\/en\\\/#\\\/schema\\\/person\\\/15fbc1cb1e5ef2339129f3a7f895906f\",\"name\":\"Lenka Bake\u0161ov\u00e1\"}]}<\/script>\n<!-- \/ Yoast SEO plugin. -->","yoast_head_json":{"title":"Introducing The Spider | Prague Art Week 25","description":"The initiative brings together key events, including Stockholm Art Week, Amsterdam Art Week, Antwerp Art Weekend, London Gallery Weekend, Zurich Art Weekend, Berlin Art Week, Barcelona Gallery Weekend, Prague Art Week, Vienna Art Week, Lisbon Art Weekend, and Art Weekend Budapest.","robots":{"index":"index","follow":"follow","max-snippet":"max-snippet:-1","max-image-preview":"max-image-preview:large","max-video-preview":"max-video-preview:-1"},"canonical":"https:\/\/pragueartweek.cz\/en\/news\/introducing-the-spider-prague-art-week-25\/","og_locale":"en_US","og_type":"article","og_title":"Introducing The Spider | Prague Art Week 25","og_description":"The initiative brings together key events, including Stockholm Art Week, Amsterdam Art Week, Antwerp Art Weekend, London Gallery Weekend, Zurich Art Weekend, Berlin Art Week, Barcelona Gallery Weekend, Prague Art Week, Vienna Art Week, Lisbon Art Weekend, and Art Weekend Budapest.","og_url":"https:\/\/pragueartweek.cz\/en\/news\/introducing-the-spider-prague-art-week-25\/","og_site_name":"Prague Art Week 26","article_publisher":"https:\/\/www.facebook.com\/pragueartweek22\/","article_published_time":"2025-02-27T10:00:30+00:00","article_modified_time":"2025-02-27T14:41:15+00:00","og_image":[{"url":"https:\/\/pragueartweek.cz\/wp-content\/uploads\/2025\/02\/image.png","width":900,"height":660,"type":"image\/png"}],"author":"Lenka Bake\u0161ov\u00e1","twitter_card":"summary_large_image","twitter_misc":{"Written by":"Lenka Bake\u0161ov\u00e1","Est. reading time":"3 minutes"},"schema":{"@context":"https:\/\/schema.org","@graph":[{"@type":"Article","@id":"https:\/\/pragueartweek.cz\/en\/news\/introducing-the-spider-prague-art-week-25\/#article","isPartOf":{"@id":"https:\/\/pragueartweek.cz\/en\/news\/introducing-the-spider-prague-art-week-25\/"},"author":{"name":"Lenka Bake\u0161ov\u00e1","@id":"https:\/\/pragueartweek.cz\/en\/#\/schema\/person\/15fbc1cb1e5ef2339129f3a7f895906f"},"headline":"Introducing The Spider","datePublished":"2025-02-27T10:00:30+00:00","dateModified":"2025-02-27T14:41:15+00:00","mainEntityOfPage":{"@id":"https:\/\/pragueartweek.cz\/en\/news\/introducing-the-spider-prague-art-week-25\/"},"wordCount":287,"publisher":{"@id":"https:\/\/pragueartweek.cz\/en\/#organization"},"image":{"@id":"https:\/\/pragueartweek.cz\/en\/news\/introducing-the-spider-prague-art-week-25\/#primaryimage"},"thumbnailUrl":"https:\/\/pragueartweek.cz\/wp-content\/uploads\/2025\/02\/image.png","articleSection":["ARTWEEK(END)S","News"],"inLanguage":"en-US"},{"@type":"WebPage","@id":"https:\/\/pragueartweek.cz\/en\/news\/introducing-the-spider-prague-art-week-25\/","url":"https:\/\/pragueartweek.cz\/en\/news\/introducing-the-spider-prague-art-week-25\/","name":"Introducing The Spider | Prague Art Week 25","isPartOf":{"@id":"https:\/\/pragueartweek.cz\/en\/#website"},"primaryImageOfPage":{"@id":"https:\/\/pragueartweek.cz\/en\/news\/introducing-the-spider-prague-art-week-25\/#primaryimage"},"image":{"@id":"https:\/\/pragueartweek.cz\/en\/news\/introducing-the-spider-prague-art-week-25\/#primaryimage"},"thumbnailUrl":"https:\/\/pragueartweek.cz\/wp-content\/uploads\/2025\/02\/image.png","datePublished":"2025-02-27T10:00:30+00:00","dateModified":"2025-02-27T14:41:15+00:00","description":"The initiative brings together key events, including Stockholm Art Week, Amsterdam Art Week, Antwerp Art Weekend, London Gallery Weekend, Zurich Art Weekend, Berlin Art Week, Barcelona Gallery Weekend, Prague Art Week, Vienna Art Week, Lisbon Art Weekend, and Art Weekend Budapest.","breadcrumb":{"@id":"https:\/\/pragueartweek.cz\/en\/news\/introducing-the-spider-prague-art-week-25\/#breadcrumb"},"inLanguage":"en-US","potentialAction":[{"@type":"ReadAction","target":["https:\/\/pragueartweek.cz\/en\/news\/introducing-the-spider-prague-art-week-25\/"]}]},{"@type":"ImageObject","inLanguage":"en-US","@id":"https:\/\/pragueartweek.cz\/en\/news\/introducing-the-spider-prague-art-week-25\/#primaryimage","url":"https:\/\/pragueartweek.cz\/wp-content\/uploads\/2025\/02\/image.png","contentUrl":"https:\/\/pragueartweek.cz\/wp-content\/uploads\/2025\/02\/image.png","width":1726,"height":1266},{"@type":"BreadcrumbList","@id":"https:\/\/pragueartweek.cz\/en\/news\/introducing-the-spider-prague-art-week-25\/#breadcrumb","itemListElement":[{"@type":"ListItem","position":1,"name":"Home","item":"https:\/\/pragueartweek.cz\/en\/"},{"@type":"ListItem","position":2,"name":"News","item":"https:\/\/pragueartweek.cz\/en\/news\/"},{"@type":"ListItem","position":3,"name":"Introducing The Spider"}]},{"@type":"WebSite","@id":"https:\/\/pragueartweek.cz\/en\/#website","url":"https:\/\/pragueartweek.cz\/en\/","name":"Prague Art Week 26","description":"Prague Art Week je otev\u0159enou platformou pro kooperaci nejv\u00fdznamn\u011bj\u0161\u00edch instituc\u00ed na poli pra\u017esk\u00e9 um\u011bleck\u00e9 sc\u00e9ny.","publisher":{"@id":"https:\/\/pragueartweek.cz\/en\/#organization"},"potentialAction":[{"@type":"SearchAction","target":{"@type":"EntryPoint","urlTemplate":"https:\/\/pragueartweek.cz\/en\/?s={search_term_string}"},"query-input":{"@type":"PropertyValueSpecification","valueRequired":true,"valueName":"search_term_string"}}],"inLanguage":"en-US"},{"@type":"Organization","@id":"https:\/\/pragueartweek.cz\/en\/#organization","name":"Prague Art Week","url":"https:\/\/pragueartweek.cz\/en\/","logo":{"@type":"ImageObject","inLanguage":"en-US","@id":"https:\/\/pragueartweek.cz\/en\/#\/schema\/logo\/image\/","url":"https:\/\/pragueartweek.cz\/wp-content\/uploads\/2022\/04\/LOGO_PAW_bez-roku-02.png","contentUrl":"https:\/\/pragueartweek.cz\/wp-content\/uploads\/2022\/04\/LOGO_PAW_bez-roku-02.png","width":2481,"height":1749,"caption":"Prague Art Week"},"image":{"@id":"https:\/\/pragueartweek.cz\/en\/#\/schema\/logo\/image\/"},"sameAs":["https:\/\/www.facebook.com\/pragueartweek22\/","https:\/\/www.instagram.com\/prague_art_week\/"]},{"@type":"Person","@id":"https:\/\/pragueartweek.cz\/en\/#\/schema\/person\/15fbc1cb1e5ef2339129f3a7f895906f","name":"Lenka Bake\u0161ov\u00e1"}]}},"_links":{"self":[{"href":"https:\/\/pragueartweek.cz\/en\/wp-json\/wp\/v2\/posts\/9160","targetHints":{"allow":["GET"]}}],"collection":[{"href":"https:\/\/pragueartweek.cz\/en\/wp-json\/wp\/v2\/posts"}],"about":[{"href":"https:\/\/pragueartweek.cz\/en\/wp-json\/wp\/v2\/types\/post"}],"author":[{"embeddable":true,"href":"https:\/\/pragueartweek.cz\/en\/wp-json\/wp\/v2\/users\/3"}],"replies":[{"embeddable":true,"href":"https:\/\/pragueartweek.cz\/en\/wp-json\/wp\/v2\/comments?post=9160"}],"version-history":[{"count":5,"href":"https:\/\/pragueartweek.cz\/en\/wp-json\/wp\/v2\/posts\/9160\/revisions"}],"predecessor-version":[{"id":9188,"href":"https:\/\/pragueartweek.cz\/en\/wp-json\/wp\/v2\/posts\/9160\/revisions\/9188"}],"wp:featuredmedia":[{"embeddable":true,"href":"https:\/\/pragueartweek.cz\/en\/wp-json\/wp\/v2\/media\/9177"}],"wp:attachment":[{"href":"https:\/\/pragueartweek.cz\/en\/wp-json\/wp\/v2\/media?parent=9160"}],"wp:term":[{"taxonomy":"category","embeddable":true,"href":"https:\/\/pragueartweek.cz\/en\/wp-json\/wp\/v2\/categories?post=9160"},{"taxonomy":"post_tag","embeddable":true,"href":"https:\/\/pragueartweek.cz\/en\/wp-json\/wp\/v2\/tags?post=9160"}],"curies":[{"name":"wp","href":"https:\/\/api.w.org\/{rel}","templated":true}]}}